{"id":3023,"date":"2026-05-01T11:01:00","date_gmt":"2026-05-01T14:01:00","guid":{"rendered":"https:\/\/tusnoticias.ar\/?p=3023"},"modified":"2026-05-01T11:56:04","modified_gmt":"2026-05-01T14:56:04","slug":"presentacion-del-destino-corrientes-en-visit-argentina-workshop-paraguay","status":"publish","type":"post","link":"https:\/\/tusnoticias.ar\/?p=3023","title":{"rendered":"Presentaci\u00f3n del Destino Corrientes en \u201cVisit Argentina Workshop Paraguay\u201d"},"content":{"rendered":"\n<p>En la continuidad de las pol\u00edticas de promoci\u00f3n y comercializaci\u00f3n del Destino Corrientes en mercados nacionales e internacionales que lleva adelante el Gobierno provincial a trav\u00e9s del Ministerio de Turismo, nuestra oferta ser\u00e1 parte del \u201cVisit Argentina Workshop Paraguay\u201d. La actividad est\u00e1 prevista para el mi\u00e9rcoles 20 de mayo, de 9.30 a 12.30 horas en la sede de la Embajada Argentina (Av. Espa\u00f1a N\u00b0743, Asunci\u00f3n).<br>El evento es coordinado por la C\u00e1mara Argentina de Turismo (CAT), en conjunto con el Instituto Nacional de Promoci\u00f3n Tur\u00edstica (INPROTUR) &#8211; Visit Argentina y la Embajada Argentina en Paraguay. El encuentro incluir\u00e1 un espacio de rondas de negocios con presentaci\u00f3n de la oferta tur\u00edstica de Argentina y networking con operadores tur\u00edsticos y agencias de viajes con el fin de fortalecer la promoci\u00f3n y la comercializaci\u00f3n del pa\u00eds en el mercado de Paraguay.<br>En tal sentido, desde el \u00e1rea de Servicios Tur\u00edsticos del organismo provincial se encuentran trabajando junto a nuestros operadores tur\u00edsticos registrados ya que la organizaci\u00f3n indic\u00f3 que los cupos de participaci\u00f3n son limitados.<br>Se trata de una propuesta interesante y la posibilidad concreta de desarrollo de estrategias comerciales en uno de los mercados que m\u00e1s afluencia de visitantes aporta a nuestra provincia. El Ministerio de Turismo genera este tipo de escenarios exclusivos para que nuestros operadores encuentren el \u00e1mbito ideal para la concreci\u00f3n de futuras acciones conjuntas con sus pares del vecino pa\u00eds.<br>Por otra parte, el \u00e1rea de Servicios Tur\u00edsticos provincial invita a prestadores y operadores locales a cumplimentar la documentaci\u00f3n correspondiente para ser parte de la base de datos, teniendo en este tipo de acciones uno de los beneficios directos.<br>Para mayor informaci\u00f3n y registraci\u00f3n contactarse al 3795-039384, e-mail: serviciosturisticosturismo@gamil.com.<\/p>\n","protected":false},"excerpt":{"rendered":"<p>En la continuidad de las pol\u00edticas de promoci\u00f3n y comercializaci\u00f3n del Destino Corrientes en mercados&#8230;<\/p>\n","protected":false},"author":1,"featured_media":3024,"comment_status":"open","ping_status":"open","sticky":false,"template":"","format":"standard","meta":{"footnotes":""},"categories":[5],"tags":[],"class_list":["post-3023","post","type-post","status-publish","format-standard","has-post-thumbnail","hentry","category-turismo"],"featured_image_urls":{"full":["https:\/\/tusnoticias.ar\/wp-content\/uploads\/2026\/05\/03.jpg",1200,801,false],"thumbnail":["https:\/\/tusnoticias.ar\/wp-content\/uploads\/2026\/05\/03-150x150.jpg",150,150,true],"medium":["https:\/\/tusnoticias.ar\/wp-content\/uploads\/2026\/05\/03-300x200.jpg",300,200,true],"medium_large":["https:\/\/tusnoticias.ar\/wp-content\/uploads\/2026\/05\/03-768x513.jpg",640,428,true],"large":["https:\/\/tusnoticias.ar\/wp-content\/uploads\/2026\/05\/03-1024x684.jpg",640,428,true],"1536x1536":["https:\/\/tusnoticias.ar\/wp-content\/uploads\/2026\/05\/03.jpg",1200,801,false],"2048x2048":["https:\/\/tusnoticias.ar\/wp-content\/uploads\/2026\/05\/03.jpg",1200,801,false],"newsium-slider-full":["https:\/\/tusnoticias.ar\/wp-content\/uploads\/2026\/05\/03.jpg",1200,801,false],"newsium-featured":["https:\/\/tusnoticias.ar\/wp-content\/uploads\/2026\/05\/03-1024x684.jpg",1024,684,true],"newsium-medium":["https:\/\/tusnoticias.ar\/wp-content\/uploads\/2026\/05\/03-720x475.jpg",720,475,true]},"author_info":{"display_name":"pity","author_link":"https:\/\/tusnoticias.ar\/?author=1"},"category_info":"<a href=\"https:\/\/tusnoticias.ar\/?cat=5\" rel=\"category\">Turismo<\/a>","tag_info":"Turismo","comment_count":"0","_links":{"self":[{"href":"https:\/\/tusnoticias.ar\/index.php?rest_route=\/wp\/v2\/posts\/3023","targetHints":{"allow":["GET"]}}],"collection":[{"href":"https:\/\/tusnoticias.ar\/index.php?rest_route=\/wp\/v2\/posts"}],"about":[{"href":"https:\/\/tusnoticias.ar\/index.php?rest_route=\/wp\/v2\/types\/post"}],"author":[{"embeddable":true,"href":"https:\/\/tusnoticias.ar\/index.php?rest_route=\/wp\/v2\/users\/1"}],"replies":[{"embeddable":true,"href":"https:\/\/tusnoticias.ar\/index.php?rest_route=%2Fwp%2Fv2%2Fcomments&post=3023"}],"version-history":[{"count":1,"href":"https:\/\/tusnoticias.ar\/index.php?rest_route=\/wp\/v2\/posts\/3023\/revisions"}],"predecessor-version":[{"id":3025,"href":"https:\/\/tusnoticias.ar\/index.php?rest_route=\/wp\/v2\/posts\/3023\/revisions\/3025"}],"wp:featuredmedia":[{"embeddable":true,"href":"https:\/\/tusnoticias.ar\/index.php?rest_route=\/wp\/v2\/media\/3024"}],"wp:attachment":[{"href":"https:\/\/tusnoticias.ar\/index.php?rest_route=%2Fwp%2Fv2%2Fmedia&parent=3023"}],"wp:term":[{"taxonomy":"category","embeddable":true,"href":"https:\/\/tusnoticias.ar\/index.php?rest_route=%2Fwp%2Fv2%2Fcategories&post=3023"},{"taxonomy":"post_tag","embeddable":true,"href":"https:\/\/tusnoticias.ar\/index.php?rest_route=%2Fwp%2Fv2%2Ftags&post=3023"}],"curies":[{"name":"wp","href":"https:\/\/api.w.org\/{rel}","templated":true}]}}