{"id":3020,"date":"2026-05-01T11:13:00","date_gmt":"2026-05-01T14:13:00","guid":{"rendered":"https:\/\/tusnoticias.ar\/?p=3020"},"modified":"2026-05-01T11:44:16","modified_gmt":"2026-05-01T14:44:16","slug":"ruben-magnano-campeon-olimpico-de-basquet-como-entrenador-brindo-una-charla-en-corrientes","status":"publish","type":"post","link":"https:\/\/tusnoticias.ar\/?p=3020","title":{"rendered":"Rub\u00e9n Magnano, campe\u00f3n Ol\u00edmpico de b\u00e1squet como entrenador, brind\u00f3 una charla en Corrientes"},"content":{"rendered":"\n<p>El reconocido entrenador de b\u00e1squet Rub\u00e9n Magnano brind\u00f3 una charla gratuita llamada \u201cEl Oro Ol\u00edmpico, una consecuencia\u201d 30 en el Auditorio Juli\u00e1n Zini de Corrientes. Adem\u00e1s, se destac\u00f3 la presencia del invitado especial Paolo Quintero. La actividad estuvo dirigida a dirigentes, entrenadores y jugadores.<br>En el marco de su visita, Magnano -quien gan\u00f3 el oro ol\u00edmpico con la Selecci\u00f3n argentina en los Juegos Ol\u00edmpicos de 2004- fue declarado visitante ilustre y de inter\u00e9s por la ciudad, distinci\u00f3n entregada por el presidente del Concejo Deliberante capitalino, Marcos Amarilla.<br>Asimismo, tambi\u00e9n as\u00ed fue distinguido por el presidente de la C\u00e1mara de Diputados, Eduardo Tassano, quien adem\u00e1s es presidente del Club de Regatas Corrientes y dirigente vinculado a la Liga Nacional de B\u00e1squet.<br>Durante la charla, Magnano comparti\u00f3 su experiencia como docente y entrenador, resaltando la importancia de recuperar valores a trav\u00e9s del deporte, especialmente el b\u00e1squet. \u201cEl \u00e9xito no es un acto aislado, sino un h\u00e1bito construido d\u00eda a d\u00eda\u201d, enfatiz\u00f3.<br>Por su parte, el secretario de Deportes de la Provincia, Jorge Terrile, destac\u00f3 la importancia de contar con referentes como Magnano en la provincia, y subray\u00f3 que \u00abtuvimos la oportunidad de escuchar sus experiencias, y conceptos\u00bb, y asegur\u00f3 que de esta manera \u00abtratamos de llevar esa experiencia a nuestros j\u00f3venes para que vean que se puede\u00bb.<br>En tanto, Paolo Quintero \u2013 ex Selecci\u00f3n nacional- valor\u00f3 la experiencia compartida y se\u00f1al\u00f3 que Magnano \u201ces un referente con ense\u00f1anzas clave para las nuevas generaciones\u201d, remarcando adem\u00e1s la necesidad de que el b\u00e1squet argentino recupere el nivel que supo tener.<br>Cabe resaltar que uno de los auspiciantes de la actividad fue la Secretar\u00eda de Deportes del Gobierno de la Provincia.<\/p>\n","protected":false},"excerpt":{"rendered":"<p>El reconocido entrenador de b\u00e1squet Rub\u00e9n Magnano brind\u00f3 una charla gratuita llamada \u201cEl Oro Ol\u00edmpico,&#8230;<\/p>\n","protected":false},"author":1,"featured_media":3021,"comment_status":"open","ping_status":"open","sticky":false,"template":"","format":"standard","meta":{"footnotes":""},"categories":[1],"tags":[],"class_list":["post-3020","post","type-post","status-publish","format-standard","has-post-thumbnail","hentry","category-locales"],"featured_image_urls":{"full":["https:\/\/tusnoticias.ar\/wp-content\/uploads\/2026\/05\/02.jpg",1320,880,false],"thumbnail":["https:\/\/tusnoticias.ar\/wp-content\/uploads\/2026\/05\/02-150x150.jpg",150,150,true],"medium":["https:\/\/tusnoticias.ar\/wp-content\/uploads\/2026\/05\/02-300x200.jpg",300,200,true],"medium_large":["https:\/\/tusnoticias.ar\/wp-content\/uploads\/2026\/05\/02-768x512.jpg",640,427,true],"large":["https:\/\/tusnoticias.ar\/wp-content\/uploads\/2026\/05\/02-1024x683.jpg",640,427,true],"1536x1536":["https:\/\/tusnoticias.ar\/wp-content\/uploads\/2026\/05\/02.jpg",1320,880,false],"2048x2048":["https:\/\/tusnoticias.ar\/wp-content\/uploads\/2026\/05\/02.jpg",1320,880,false],"newsium-slider-full":["https:\/\/tusnoticias.ar\/wp-content\/uploads\/2026\/05\/02-1280x845.jpg",1280,845,true],"newsium-featured":["https:\/\/tusnoticias.ar\/wp-content\/uploads\/2026\/05\/02-1024x683.jpg",1024,683,true],"newsium-medium":["https:\/\/tusnoticias.ar\/wp-content\/uploads\/2026\/05\/02-720x475.jpg",720,475,true]},"author_info":{"display_name":"pity","author_link":"https:\/\/tusnoticias.ar\/?author=1"},"category_info":"<a href=\"https:\/\/tusnoticias.ar\/?cat=1\" rel=\"category\">Locales<\/a>","tag_info":"Locales","comment_count":"0","_links":{"self":[{"href":"https:\/\/tusnoticias.ar\/index.php?rest_route=\/wp\/v2\/posts\/3020","targetHints":{"allow":["GET"]}}],"collection":[{"href":"https:\/\/tusnoticias.ar\/index.php?rest_route=\/wp\/v2\/posts"}],"about":[{"href":"https:\/\/tusnoticias.ar\/index.php?rest_route=\/wp\/v2\/types\/post"}],"author":[{"embeddable":true,"href":"https:\/\/tusnoticias.ar\/index.php?rest_route=\/wp\/v2\/users\/1"}],"replies":[{"embeddable":true,"href":"https:\/\/tusnoticias.ar\/index.php?rest_route=%2Fwp%2Fv2%2Fcomments&post=3020"}],"version-history":[{"count":1,"href":"https:\/\/tusnoticias.ar\/index.php?rest_route=\/wp\/v2\/posts\/3020\/revisions"}],"predecessor-version":[{"id":3022,"href":"https:\/\/tusnoticias.ar\/index.php?rest_route=\/wp\/v2\/posts\/3020\/revisions\/3022"}],"wp:featuredmedia":[{"embeddable":true,"href":"https:\/\/tusnoticias.ar\/index.php?rest_route=\/wp\/v2\/media\/3021"}],"wp:attachment":[{"href":"https:\/\/tusnoticias.ar\/index.php?rest_route=%2Fwp%2Fv2%2Fmedia&parent=3020"}],"wp:term":[{"taxonomy":"category","embeddable":true,"href":"https:\/\/tusnoticias.ar\/index.php?rest_route=%2Fwp%2Fv2%2Fcategories&post=3020"},{"taxonomy":"post_tag","embeddable":true,"href":"https:\/\/tusnoticias.ar\/index.php?rest_route=%2Fwp%2Fv2%2Ftags&post=3020"}],"curies":[{"name":"wp","href":"https:\/\/api.w.org\/{rel}","templated":true}]}}