{"id":2959,"date":"2026-02-17T13:03:55","date_gmt":"2026-02-17T16:03:55","guid":{"rendered":"https:\/\/tusnoticias.ar\/?p=2959"},"modified":"2026-02-17T13:03:56","modified_gmt":"2026-02-17T16:03:56","slug":"carnaval-el-evento-clave-que-dinamiza-el-turismo-y-la-hoteleria","status":"publish","type":"post","link":"https:\/\/tusnoticias.ar\/?p=2959","title":{"rendered":"Carnaval: el evento clave que dinamiza el turismo y la hoteler\u00eda"},"content":{"rendered":"\n<p>La quinta velada carnavalera 2026, que se realiz\u00f3 el domingo, cont\u00f3 con la presencia del gobernador Juan Pablo Vald\u00e9s en el Cors\u00f3dromo Nolo Al\u00edas, donde comparsas del interior llegaron a la capital para competir en una jornada marcada por el color, la m\u00fasica y una gran convocatoria de p\u00fablico. Delegaciones de distintas localidades desfilaron ante miles de espectadores, consolidando el car\u00e1cter federal de la propuesta y el rol del carnaval como uno de los principales atractivos tur\u00edsticos de la temporada de verano en Corrientes.<br>En la primera noche de competencia provincial se presentaron agrupaciones provenientes de diversas ciudades, entre ellas Brillo de Luna (Ituzaing\u00f3), Iber\u00e1 (Saladas), Yas\u00ed Ber\u00e1 (Esquina), Anah\u00ed (Bella Vista), La Poderosa (Ituzaing\u00f3) y Poramb\u00e1 (Goya), adem\u00e1s de comparsas de la capital que completaron la grilla. La programaci\u00f3n se extendi\u00f3 hasta la madrugada con un cors\u00f3dromo colmado y un notable movimiento en hoteler\u00eda, gastronom\u00eda y servicios vinculados al turismo.<br>En ese contexto, el gobernador Juan Pablo Vald\u00e9s valor\u00f3 la presencia de las comparsas del interior y el crecimiento del carnaval como motor econ\u00f3mico. \u201cEstamos contentos de poder recibir a las comparsas que han ganado en sus localidades y que hoy tienen un merecido reconocimiento en este cors\u00f3dromo\u201d, expres\u00f3. Asimismo, destac\u00f3 que en las \u00faltimas semanas se registr\u00f3 \u201cun incremento notorio en las visitas que ha recibido la provincia\u201d y remarc\u00f3 que la actividad tur\u00edstica vinculada al carnaval genera empleo directo e indirecto en toda la provincia. En esa l\u00ednea, sostuvo que el turismo se consolida como \u201cel motor de la econom\u00eda en estos tiempos\u201d.<br>Por su parte, el ministro de Turismo, Juan Enrique Braillard Poccard, consider\u00f3 que la instancia provincial representa un reconocimiento al trabajo anual de las comparsas y al esfuerzo de los municipios que impulsan la fiesta como producto tur\u00edstico. \u201cEs una jornada muy especial para nosotros; ya recibimos delegaciones de varias ciudades y hay una inversi\u00f3n importante para que todos puedan disfrutar de esta experiencia\u201d, se\u00f1al\u00f3. Adem\u00e1s, indic\u00f3 que el \u00e1rea avanza con estudios de impacto para medir la procedencia de los visitantes y el promedio de estad\u00eda en la capital y el Gran Corrientes.<br>De esta manera, la competencia provincial en la capital no solo re\u00fane a las mejores comparsas del interior, sino que tambi\u00e9n fortalece el perfil tur\u00edstico de la ciudad en plena temporada estival, con altos niveles de ocupaci\u00f3n hotelera y un sostenido movimiento econ\u00f3mico que se replica en distintos sectores vinculados a la actividad.<\/p>\n\n\n\n<p><\/p>\n","protected":false},"excerpt":{"rendered":"<p>La quinta velada carnavalera 2026, que se realiz\u00f3 el domingo, cont\u00f3 con la presencia del&#8230;<\/p>\n","protected":false},"author":1,"featured_media":2960,"comment_status":"open","ping_status":"open","sticky":false,"template":"","format":"standard","meta":{"footnotes":""},"categories":[5],"tags":[],"class_list":["post-2959","post","type-post","status-publish","format-standard","has-post-thumbnail","hentry","category-turismo"],"featured_image_urls":{"full":["https:\/\/tusnoticias.ar\/wp-content\/uploads\/2026\/02\/caarnaval.jpg",1320,880,false],"thumbnail":["https:\/\/tusnoticias.ar\/wp-content\/uploads\/2026\/02\/caarnaval-150x150.jpg",150,150,true],"medium":["https:\/\/tusnoticias.ar\/wp-content\/uploads\/2026\/02\/caarnaval-300x200.jpg",300,200,true],"medium_large":["https:\/\/tusnoticias.ar\/wp-content\/uploads\/2026\/02\/caarnaval-768x512.jpg",640,427,true],"large":["https:\/\/tusnoticias.ar\/wp-content\/uploads\/2026\/02\/caarnaval-1024x683.jpg",640,427,true],"1536x1536":["https:\/\/tusnoticias.ar\/wp-content\/uploads\/2026\/02\/caarnaval.jpg",1320,880,false],"2048x2048":["https:\/\/tusnoticias.ar\/wp-content\/uploads\/2026\/02\/caarnaval.jpg",1320,880,false],"newsium-slider-full":["https:\/\/tusnoticias.ar\/wp-content\/uploads\/2026\/02\/caarnaval-1280x845.jpg",1280,845,true],"newsium-featured":["https:\/\/tusnoticias.ar\/wp-content\/uploads\/2026\/02\/caarnaval-1024x683.jpg",1024,683,true],"newsium-medium":["https:\/\/tusnoticias.ar\/wp-content\/uploads\/2026\/02\/caarnaval-720x475.jpg",720,475,true]},"author_info":{"display_name":"pity","author_link":"https:\/\/tusnoticias.ar\/?author=1"},"category_info":"<a href=\"https:\/\/tusnoticias.ar\/?cat=5\" rel=\"category\">Turismo<\/a>","tag_info":"Turismo","comment_count":"0","_links":{"self":[{"href":"https:\/\/tusnoticias.ar\/index.php?rest_route=\/wp\/v2\/posts\/2959","targetHints":{"allow":["GET"]}}],"collection":[{"href":"https:\/\/tusnoticias.ar\/index.php?rest_route=\/wp\/v2\/posts"}],"about":[{"href":"https:\/\/tusnoticias.ar\/index.php?rest_route=\/wp\/v2\/types\/post"}],"author":[{"embeddable":true,"href":"https:\/\/tusnoticias.ar\/index.php?rest_route=\/wp\/v2\/users\/1"}],"replies":[{"embeddable":true,"href":"https:\/\/tusnoticias.ar\/index.php?rest_route=%2Fwp%2Fv2%2Fcomments&post=2959"}],"version-history":[{"count":1,"href":"https:\/\/tusnoticias.ar\/index.php?rest_route=\/wp\/v2\/posts\/2959\/revisions"}],"predecessor-version":[{"id":2961,"href":"https:\/\/tusnoticias.ar\/index.php?rest_route=\/wp\/v2\/posts\/2959\/revisions\/2961"}],"wp:featuredmedia":[{"embeddable":true,"href":"https:\/\/tusnoticias.ar\/index.php?rest_route=\/wp\/v2\/media\/2960"}],"wp:attachment":[{"href":"https:\/\/tusnoticias.ar\/index.php?rest_route=%2Fwp%2Fv2%2Fmedia&parent=2959"}],"wp:term":[{"taxonomy":"category","embeddable":true,"href":"https:\/\/tusnoticias.ar\/index.php?rest_route=%2Fwp%2Fv2%2Fcategories&post=2959"},{"taxonomy":"post_tag","embeddable":true,"href":"https:\/\/tusnoticias.ar\/index.php?rest_route=%2Fwp%2Fv2%2Ftags&post=2959"}],"curies":[{"name":"wp","href":"https:\/\/api.w.org\/{rel}","templated":true}]}}