{"id":2903,"date":"2026-01-23T02:15:23","date_gmt":"2026-01-23T05:15:23","guid":{"rendered":"http:\/\/tusnoticias.ar\/?p=2903"},"modified":"2026-01-23T02:15:24","modified_gmt":"2026-01-23T05:15:24","slug":"la-panera-rosa-nea-celebra-su-primer-aniversario-en-la-ciudad-de-corrientes","status":"publish","type":"post","link":"https:\/\/tusnoticias.ar\/?p=2903","title":{"rendered":"La Panera Rosa NEA celebra su primer aniversario en la ciudad de Corrientes"},"content":{"rendered":"\n<p>Ubicado en San Juan 690, el local se caracteriza por su concepto non stop, ofreciendo un servicio gastron\u00f3mico continuo que se adapta a las distintas franjas horarias y necesidades de sus clientes. Desde su apertura, se ha consolidado como un espacio que combina calidad, dise\u00f1o y una experiencia integral.<br>La Panera Rosa NEA celebra su primer aniversario el pr\u00f3ximo jueves 29, reafirmando su posicionamiento como una de las propuestas gastron\u00f3micas m\u00e1s destacadas de la ciudad de Corrientes. Prev\u00e9, en la ocasi\u00f3n, algo muy exclusivo con buena energ\u00eda, m\u00fasica en vivo, DJ y un clima ideal para encontrarse, y disfrutar sin formalidades. Ya han confirmado su presencia autoridades provinciales y municipales, en tanto que tambi\u00e9n se aguarda la asistencia de comunicadores y prensa regional.<br>\u201cTrabajamos en brindar a nuestros clientes una experiencia \u00fanica en el casco hist\u00f3rico de Corrientes\u201d, se\u00f1alaron desde La Panera Rosa NEA. Al mismo tiempo, y en el marco de su primer a\u00f1o de actividad, agradecieron el acompa\u00f1amiento del p\u00fablico e invitaron a la comunidad a seguir sus novedades a trav\u00e9s de sus redes sociales: @lapanerarosa.nea.<\/p>\n\n\n\n<figure class=\"wp-block-image size-large\"><img loading=\"lazy\" decoding=\"async\" width=\"1024\" height=\"895\" src=\"https:\/\/tusnoticias.ar\/wp-content\/uploads\/2026\/01\/image0-1024x895.jpeg\" alt=\"\" class=\"wp-image-2905\" srcset=\"https:\/\/tusnoticias.ar\/wp-content\/uploads\/2026\/01\/image0-1024x895.jpeg 1024w, https:\/\/tusnoticias.ar\/wp-content\/uploads\/2026\/01\/image0-300x262.jpeg 300w, https:\/\/tusnoticias.ar\/wp-content\/uploads\/2026\/01\/image0-768x671.jpeg 768w, https:\/\/tusnoticias.ar\/wp-content\/uploads\/2026\/01\/image0.jpeg 1199w\" sizes=\"auto, (max-width: 1024px) 100vw, 1024px\" \/><\/figure>\n\n\n\n<p><strong>Acerca del local<\/strong><br>El establecimiento cuenta adem\u00e1s con un sal\u00f3n de eventos en planta alta, con capacidad para 120 personas, totalmente equipado con pantalla, micr\u00f3fono y sonido ambiental, pensado para la realizaci\u00f3n de eventos sociales, corporativos y encuentros institucionales.<br>Se trata de un local gastron\u00f3mico, con el concepto non stop, es decir, con una carta completa disponible a toda hora. Ofrece un men\u00fa amplio y diverso con opciones de pasta, carnes, ensaladas, sandwiches, pizzas, picoteo, l\u00ednea sin tacc y keto, como as\u00ed tambi\u00e9n una pasteler\u00eda artesanal incomparable.<br>La totalidad de los productos son elaborados en su propio centro de producci\u00f3n, utilizando materia prima de alta calidad, generando la confianza de tener una propuesta 100% fresca y saludable todos los d\u00edas, todo el d\u00eda. Precisamente, los horarios de atenci\u00f3n, de domingos a jueves son de 6.30 a 00.00 horas; mientras que viernes y s\u00e1bado el cierre se extiende hasta las 02.00.<\/p>\n","protected":false},"excerpt":{"rendered":"<p>Ubicado en San Juan 690, el local se caracteriza por su concepto non stop, ofreciendo&#8230;<\/p>\n","protected":false},"author":1,"featured_media":2904,"comment_status":"open","ping_status":"open","sticky":false,"template":"","format":"standard","meta":{"footnotes":""},"categories":[1],"tags":[],"class_list":["post-2903","post","type-post","status-publish","format-standard","has-post-thumbnail","hentry","category-locales"],"featured_image_urls":{"full":["https:\/\/tusnoticias.ar\/wp-content\/uploads\/2026\/01\/image1.jpeg",1600,1200,false],"thumbnail":["https:\/\/tusnoticias.ar\/wp-content\/uploads\/2026\/01\/image1-150x150.jpeg",150,150,true],"medium":["https:\/\/tusnoticias.ar\/wp-content\/uploads\/2026\/01\/image1-300x225.jpeg",300,225,true],"medium_large":["https:\/\/tusnoticias.ar\/wp-content\/uploads\/2026\/01\/image1-768x576.jpeg",640,480,true],"large":["https:\/\/tusnoticias.ar\/wp-content\/uploads\/2026\/01\/image1-1024x768.jpeg",640,480,true],"1536x1536":["https:\/\/tusnoticias.ar\/wp-content\/uploads\/2026\/01\/image1-1536x1152.jpeg",1536,1152,true],"2048x2048":["https:\/\/tusnoticias.ar\/wp-content\/uploads\/2026\/01\/image1.jpeg",1600,1200,false],"newsium-slider-full":["https:\/\/tusnoticias.ar\/wp-content\/uploads\/2026\/01\/image1-1280x845.jpeg",1280,845,true],"newsium-featured":["https:\/\/tusnoticias.ar\/wp-content\/uploads\/2026\/01\/image1-1024x768.jpeg",1024,768,true],"newsium-medium":["https:\/\/tusnoticias.ar\/wp-content\/uploads\/2026\/01\/image1-720x475.jpeg",720,475,true]},"author_info":{"display_name":"pity","author_link":"https:\/\/tusnoticias.ar\/?author=1"},"category_info":"<a href=\"https:\/\/tusnoticias.ar\/?cat=1\" rel=\"category\">Locales<\/a>","tag_info":"Locales","comment_count":"0","_links":{"self":[{"href":"https:\/\/tusnoticias.ar\/index.php?rest_route=\/wp\/v2\/posts\/2903","targetHints":{"allow":["GET"]}}],"collection":[{"href":"https:\/\/tusnoticias.ar\/index.php?rest_route=\/wp\/v2\/posts"}],"about":[{"href":"https:\/\/tusnoticias.ar\/index.php?rest_route=\/wp\/v2\/types\/post"}],"author":[{"embeddable":true,"href":"https:\/\/tusnoticias.ar\/index.php?rest_route=\/wp\/v2\/users\/1"}],"replies":[{"embeddable":true,"href":"https:\/\/tusnoticias.ar\/index.php?rest_route=%2Fwp%2Fv2%2Fcomments&post=2903"}],"version-history":[{"count":1,"href":"https:\/\/tusnoticias.ar\/index.php?rest_route=\/wp\/v2\/posts\/2903\/revisions"}],"predecessor-version":[{"id":2906,"href":"https:\/\/tusnoticias.ar\/index.php?rest_route=\/wp\/v2\/posts\/2903\/revisions\/2906"}],"wp:featuredmedia":[{"embeddable":true,"href":"https:\/\/tusnoticias.ar\/index.php?rest_route=\/wp\/v2\/media\/2904"}],"wp:attachment":[{"href":"https:\/\/tusnoticias.ar\/index.php?rest_route=%2Fwp%2Fv2%2Fmedia&parent=2903"}],"wp:term":[{"taxonomy":"category","embeddable":true,"href":"https:\/\/tusnoticias.ar\/index.php?rest_route=%2Fwp%2Fv2%2Fcategories&post=2903"},{"taxonomy":"post_tag","embeddable":true,"href":"https:\/\/tusnoticias.ar\/index.php?rest_route=%2Fwp%2Fv2%2Ftags&post=2903"}],"curies":[{"name":"wp","href":"https:\/\/api.w.org\/{rel}","templated":true}]}}