{"id":2900,"date":"2026-01-16T15:26:02","date_gmt":"2026-01-16T18:26:02","guid":{"rendered":"http:\/\/tusnoticias.ar\/?p=2900"},"modified":"2026-01-16T15:26:04","modified_gmt":"2026-01-16T18:26:04","slug":"gobierno-de-corrientes-paga-plus-de-refuerzo-y-segundo-tramo-del-bono-navideno","status":"publish","type":"post","link":"https:\/\/tusnoticias.ar\/?p=2900","title":{"rendered":"Gobierno de Corrientes paga Plus de Refuerzo y segundo tramo del Bono Navide\u00f1o"},"content":{"rendered":"\n<p>Los agentes de la administraci\u00f3n p\u00fablica provincial de Corrientes percibir\u00e1n el Plus de Refuerzo de enero y, en simult\u00e1neo, el segundo tramo del Bono Navide\u00f1o, entre este lunes 19 y viernes 23 de este mes. El pago alcanza a activos, jubilados y pensionados provinciales.<\/p>\n\n\n\n<p>El Plus de Refuerzo es de $100 mil, y el segundo tramo del Bono Navide\u00f1o es de $200 mil por beneficiario. Con la ejecuci\u00f3n de este cronograma, cada agente percibir\u00e1 $300 mil.<\/p>\n\n\n\n<p>El Bono Navide\u00f1o resuelto por gobernador Juan Pablo Vald\u00e9s, con el dise\u00f1o del Ministerio de Hacienda y Finanzas, es de un total de $500 mil para cada agente, activo, jubilado y pensionado, a pagarse en tres tramos. El primer tramo se pag\u00f3 en diciembre y fue de $100 mil; el segundo se abona con el Plus de Refuerzo, y es de $200 mil, y finalmente, el tercer tramo ser\u00e1 de otros $200, y se paga en febrero pr\u00f3ximo.<\/p>\n\n\n\n<p><strong>Cronograma<\/strong><\/p>\n\n\n\n<p>El Plus de Refuerzo de este mes y, en simult\u00e1neo, el segundo tramo del Bono Navide\u00f1o se paga a partir de este lunes 19, jornada que percibir\u00e1n los agentes de la administraci\u00f3n p\u00fablica provincial, activos, jubilados y pensionados, con Documento Nacional de Identidad terminados en 0 y 1.<\/p>\n\n\n\n<p>Este tramo estar\u00e1 disponible a partir del s\u00e1bado 17, a trav\u00e9s de los cajeros autom\u00e1ticos habilitados por el Banco de Corrientes, y el hombanking de la cuenta sueldo de cada agente.<\/p>\n\n\n\n<p>El cronograma contin\u00faa el martes 20, para los DNI finalizados en 2 y 3; el mi\u00e9rcoles 21, para aquellos con 4 y 5. El jueves 22, ser\u00e1 el turno de los agentes con documentos terminados en 6 y 7.<\/p>\n\n\n\n<p>El pago finaliza el viernes 23, con el pago a los agentes con DNI finalizados en 8 y 9.<\/p>\n","protected":false},"excerpt":{"rendered":"<p>Los agentes de la administraci\u00f3n p\u00fablica provincial de Corrientes percibir\u00e1n el Plus de Refuerzo de&#8230;<\/p>\n","protected":false},"author":1,"featured_media":2901,"comment_status":"open","ping_status":"open","sticky":false,"template":"","format":"standard","meta":{"footnotes":""},"categories":[1],"tags":[],"class_list":["post-2900","post","type-post","status-publish","format-standard","has-post-thumbnail","hentry","category-locales"],"featured_image_urls":{"full":["https:\/\/tusnoticias.ar\/wp-content\/uploads\/2026\/01\/03.jpg",1196,1009,false],"thumbnail":["https:\/\/tusnoticias.ar\/wp-content\/uploads\/2026\/01\/03-150x150.jpg",150,150,true],"medium":["https:\/\/tusnoticias.ar\/wp-content\/uploads\/2026\/01\/03-300x253.jpg",300,253,true],"medium_large":["https:\/\/tusnoticias.ar\/wp-content\/uploads\/2026\/01\/03-768x648.jpg",640,540,true],"large":["https:\/\/tusnoticias.ar\/wp-content\/uploads\/2026\/01\/03-1024x864.jpg",640,540,true],"1536x1536":["https:\/\/tusnoticias.ar\/wp-content\/uploads\/2026\/01\/03.jpg",1196,1009,false],"2048x2048":["https:\/\/tusnoticias.ar\/wp-content\/uploads\/2026\/01\/03.jpg",1196,1009,false],"newsium-slider-full":["https:\/\/tusnoticias.ar\/wp-content\/uploads\/2026\/01\/03-1196x845.jpg",1196,845,true],"newsium-featured":["https:\/\/tusnoticias.ar\/wp-content\/uploads\/2026\/01\/03-1024x864.jpg",1024,864,true],"newsium-medium":["https:\/\/tusnoticias.ar\/wp-content\/uploads\/2026\/01\/03-720x475.jpg",720,475,true]},"author_info":{"display_name":"pity","author_link":"https:\/\/tusnoticias.ar\/?author=1"},"category_info":"<a href=\"https:\/\/tusnoticias.ar\/?cat=1\" rel=\"category\">Locales<\/a>","tag_info":"Locales","comment_count":"0","_links":{"self":[{"href":"https:\/\/tusnoticias.ar\/index.php?rest_route=\/wp\/v2\/posts\/2900","targetHints":{"allow":["GET"]}}],"collection":[{"href":"https:\/\/tusnoticias.ar\/index.php?rest_route=\/wp\/v2\/posts"}],"about":[{"href":"https:\/\/tusnoticias.ar\/index.php?rest_route=\/wp\/v2\/types\/post"}],"author":[{"embeddable":true,"href":"https:\/\/tusnoticias.ar\/index.php?rest_route=\/wp\/v2\/users\/1"}],"replies":[{"embeddable":true,"href":"https:\/\/tusnoticias.ar\/index.php?rest_route=%2Fwp%2Fv2%2Fcomments&post=2900"}],"version-history":[{"count":1,"href":"https:\/\/tusnoticias.ar\/index.php?rest_route=\/wp\/v2\/posts\/2900\/revisions"}],"predecessor-version":[{"id":2902,"href":"https:\/\/tusnoticias.ar\/index.php?rest_route=\/wp\/v2\/posts\/2900\/revisions\/2902"}],"wp:featuredmedia":[{"embeddable":true,"href":"https:\/\/tusnoticias.ar\/index.php?rest_route=\/wp\/v2\/media\/2901"}],"wp:attachment":[{"href":"https:\/\/tusnoticias.ar\/index.php?rest_route=%2Fwp%2Fv2%2Fmedia&parent=2900"}],"wp:term":[{"taxonomy":"category","embeddable":true,"href":"https:\/\/tusnoticias.ar\/index.php?rest_route=%2Fwp%2Fv2%2Fcategories&post=2900"},{"taxonomy":"post_tag","embeddable":true,"href":"https:\/\/tusnoticias.ar\/index.php?rest_route=%2Fwp%2Fv2%2Ftags&post=2900"}],"curies":[{"name":"wp","href":"https:\/\/api.w.org\/{rel}","templated":true}]}}