{"id":2793,"date":"2025-11-16T14:33:05","date_gmt":"2025-11-16T17:33:05","guid":{"rendered":"http:\/\/tusnoticias.ar\/?p=2793"},"modified":"2025-11-16T21:06:17","modified_gmt":"2025-11-17T00:06:17","slug":"destacada-presencia-de-rio-negro-en-el-workshop-mendoza-2025","status":"publish","type":"post","link":"https:\/\/tusnoticias.ar\/?p=2793","title":{"rendered":"Destacada presencia de R\u00edo Negro en el Workshop Mendoza 2025"},"content":{"rendered":"\n<p>De cara a la temporada de verano, la provincia particip\u00f3 de la 42\u00ba edici\u00f3n Networking &amp; Sunset y la primera edici\u00f3n de la Expo Vacaciones y deslumbr\u00f3 con su oferta tur\u00edstica al mercado de Cuyo. <\/p>\n\n\n\n<p>Durante dos jornadas operadores y prestadores del sector promocionaron sus atractivos tur\u00edsticos<br>en Olivos Multipespacio, en la localidad de Maip\u00fa, provincia de Mendoza.<br>El encuentro cont\u00f3 con la presencia de m\u00e1s de 2000 asistentes, superando a la Edici\u00f3n anterior, convirti\u00e9ndose de esta manera en uno de los eventos m\u00e1s destacados del a\u00f1o. Una vez m\u00e1s R\u00edo Negro present\u00f3 sus atractivos tur\u00edsticos y las bellezas de sus cuatro regiones: mar, estepa, cordillera y Valle.<br>El workshop tuvo 87 expositores, divididos en operadores mayoristas, tour operadores, destinos y hoteles. La exposici\u00f3n tuvo m\u00e1s de 60 stands de agencias de viajes, adem\u00e1s de 17 operadores, asistencias y municipios, junto a 20 bodegas participantes que ofrecieron degustaciones de productos regionales.<br>De esta manera, la provincia contin\u00faa con la intensa tarea de promoci\u00f3n que viene desarrollando<br>a lo largo del pa\u00eds. El pr\u00f3ximo l9 de noviembre estar\u00e1 presente en Buenos Aires, en una nueva edici\u00f3n de ECTU en el Hotel Marriot.<\/p>\n\n\n\n<p><strong>M\u00e1s informaci\u00f3n<\/strong><br>Web: https:\/\/rionegro.gov.ar\/<br>IG: @rionegroturismo<br>Facebook: R\u00edo Negro Turismo<\/p>\n\n\n\n<h1 class=\"wp-block-heading\">#soyrionegro<\/h1>\n","protected":false},"excerpt":{"rendered":"<p>De cara a la temporada de verano, la provincia particip\u00f3 de la 42\u00ba edici\u00f3n Networking&#8230;<\/p>\n","protected":false},"author":1,"featured_media":2794,"comment_status":"open","ping_status":"open","sticky":false,"template":"","format":"standard","meta":{"footnotes":""},"categories":[5],"tags":[],"class_list":["post-2793","post","type-post","status-publish","format-standard","has-post-thumbnail","hentry","category-turismo"],"featured_image_urls":{"full":["https:\/\/tusnoticias.ar\/wp-content\/uploads\/2025\/11\/04.jpeg",900,856,false],"thumbnail":["https:\/\/tusnoticias.ar\/wp-content\/uploads\/2025\/11\/04-150x150.jpeg",150,150,true],"medium":["https:\/\/tusnoticias.ar\/wp-content\/uploads\/2025\/11\/04-300x285.jpeg",300,285,true],"medium_large":["https:\/\/tusnoticias.ar\/wp-content\/uploads\/2025\/11\/04-768x730.jpeg",640,608,true],"large":["https:\/\/tusnoticias.ar\/wp-content\/uploads\/2025\/11\/04.jpeg",640,609,false],"1536x1536":["https:\/\/tusnoticias.ar\/wp-content\/uploads\/2025\/11\/04.jpeg",900,856,false],"2048x2048":["https:\/\/tusnoticias.ar\/wp-content\/uploads\/2025\/11\/04.jpeg",900,856,false],"newsium-slider-full":["https:\/\/tusnoticias.ar\/wp-content\/uploads\/2025\/11\/04-900x845.jpeg",900,845,true],"newsium-featured":["https:\/\/tusnoticias.ar\/wp-content\/uploads\/2025\/11\/04.jpeg",900,856,false],"newsium-medium":["https:\/\/tusnoticias.ar\/wp-content\/uploads\/2025\/11\/04-720x475.jpeg",720,475,true]},"author_info":{"display_name":"pity","author_link":"https:\/\/tusnoticias.ar\/?author=1"},"category_info":"<a href=\"https:\/\/tusnoticias.ar\/?cat=5\" rel=\"category\">Turismo<\/a>","tag_info":"Turismo","comment_count":"0","_links":{"self":[{"href":"https:\/\/tusnoticias.ar\/index.php?rest_route=\/wp\/v2\/posts\/2793","targetHints":{"allow":["GET"]}}],"collection":[{"href":"https:\/\/tusnoticias.ar\/index.php?rest_route=\/wp\/v2\/posts"}],"about":[{"href":"https:\/\/tusnoticias.ar\/index.php?rest_route=\/wp\/v2\/types\/post"}],"author":[{"embeddable":true,"href":"https:\/\/tusnoticias.ar\/index.php?rest_route=\/wp\/v2\/users\/1"}],"replies":[{"embeddable":true,"href":"https:\/\/tusnoticias.ar\/index.php?rest_route=%2Fwp%2Fv2%2Fcomments&post=2793"}],"version-history":[{"count":2,"href":"https:\/\/tusnoticias.ar\/index.php?rest_route=\/wp\/v2\/posts\/2793\/revisions"}],"predecessor-version":[{"id":2803,"href":"https:\/\/tusnoticias.ar\/index.php?rest_route=\/wp\/v2\/posts\/2793\/revisions\/2803"}],"wp:featuredmedia":[{"embeddable":true,"href":"https:\/\/tusnoticias.ar\/index.php?rest_route=\/wp\/v2\/media\/2794"}],"wp:attachment":[{"href":"https:\/\/tusnoticias.ar\/index.php?rest_route=%2Fwp%2Fv2%2Fmedia&parent=2793"}],"wp:term":[{"taxonomy":"category","embeddable":true,"href":"https:\/\/tusnoticias.ar\/index.php?rest_route=%2Fwp%2Fv2%2Fcategories&post=2793"},{"taxonomy":"post_tag","embeddable":true,"href":"https:\/\/tusnoticias.ar\/index.php?rest_route=%2Fwp%2Fv2%2Ftags&post=2793"}],"curies":[{"name":"wp","href":"https:\/\/api.w.org\/{rel}","templated":true}]}}