{"id":2754,"date":"2025-10-10T17:14:47","date_gmt":"2025-10-10T20:14:47","guid":{"rendered":"http:\/\/tusnoticias.ar\/?p=2754"},"modified":"2025-10-12T17:19:23","modified_gmt":"2025-10-12T20:19:23","slug":"corrientes-como-epicentro-del-congreso-internacional-samba-wings-2025","status":"publish","type":"post","link":"https:\/\/tusnoticias.ar\/?p=2754","title":{"rendered":"Corrientes como epicentro del Congreso Internacional \u201cSamba Wings 2025\u201d"},"content":{"rendered":"\n<p>La m\u00fasica y el arte de Brasil pisaron el suelo de la ciudad de Corrientes al dar inicio al Congreso Internacional \u201cSamba Wings 2025\u201d que se llevar\u00e1 adelante desde este viernes 10 al domingo 12 de octubre en el sal\u00f3n Gran Paran\u00e1 de Casinos del Litoral. Dicho evento cuenta con el respaldo del Gobierno provincial, a trav\u00e9s de las \u00e1reas de Cultura y Turismo.<\/p>\n\n\n\n<p>Ante un centenar de maestros, bailarines, m\u00fasicos y apasionados del samba pasadas las 10 se vivi\u00f3 la primera clase magistral encabezada por Fabio Batista acompa\u00f1ado con percusi\u00f3n en vivo. All\u00ed la coordinadora del evento, Gabriela Ceballos Bertero destac\u00f3 la importancia del Congreso de Danza que promueve la cultura del samba y carnaval.&nbsp;<\/p>\n\n\n\n<p>Es preciso mencionar que este evento fue declarado de Inter\u00e9s Cultural por la C\u00e1mara de Senadores de Corrientes en pos de reforzar la identidad y valor del arte en la provincia.<\/p>\n\n\n\n<p>As\u00ed ante est\u00e1 escala de lujo de artistas del vecino pa\u00eds en la ciudad de Corrientes, la coordinadora del evento, Gabriela Ceballos Bertero indic\u00f3 que \u201ces una responsabilidad enorme llevar adelante este evento que venimos trabajando hace mucho tiempo\u201d donde \u00abbuscamos darle fuerza a esta cultura del samba y el carnaval\u201d, agreg\u00f3.&nbsp;<\/p>\n\n\n\n<p>En ese sentido, destac\u00f3 el acompa\u00f1amiento del Gobierno provincial para continuar fortaleciendo estos espacios culturales en Corrientes.<\/p>\n\n\n\n<p>Finalmente, en el D\u00eda Nacional de la Danza remarc\u00f3 la importancia de la fecha haciendo hincapi\u00e9 en que \u00abla danza es mi forma de vida\u00bb y agreg\u00f3\u00bb la danza sana, cura, eleva\u00bb ya que \u00abcreo que quien danza no da\u00f1a a otro como el arte mismo en s\u00ed\u00bb, subray\u00f3.<\/p>\n","protected":false},"excerpt":{"rendered":"<p>La m\u00fasica y el arte de Brasil pisaron el suelo de la ciudad de Corrientes&#8230;<\/p>\n","protected":false},"author":1,"featured_media":2755,"comment_status":"open","ping_status":"open","sticky":false,"template":"","format":"standard","meta":{"footnotes":""},"categories":[1],"tags":[],"class_list":["post-2754","post","type-post","status-publish","format-standard","has-post-thumbnail","hentry","category-locales"],"featured_image_urls":{"full":["https:\/\/tusnoticias.ar\/wp-content\/uploads\/2025\/10\/01-1.jpg",1440,960,false],"thumbnail":["https:\/\/tusnoticias.ar\/wp-content\/uploads\/2025\/10\/01-1-150x150.jpg",150,150,true],"medium":["https:\/\/tusnoticias.ar\/wp-content\/uploads\/2025\/10\/01-1-300x200.jpg",300,200,true],"medium_large":["https:\/\/tusnoticias.ar\/wp-content\/uploads\/2025\/10\/01-1-768x512.jpg",640,427,true],"large":["https:\/\/tusnoticias.ar\/wp-content\/uploads\/2025\/10\/01-1-1024x683.jpg",640,427,true],"1536x1536":["https:\/\/tusnoticias.ar\/wp-content\/uploads\/2025\/10\/01-1.jpg",1440,960,false],"2048x2048":["https:\/\/tusnoticias.ar\/wp-content\/uploads\/2025\/10\/01-1.jpg",1440,960,false],"newsium-slider-full":["https:\/\/tusnoticias.ar\/wp-content\/uploads\/2025\/10\/01-1-1280x845.jpg",1280,845,true],"newsium-featured":["https:\/\/tusnoticias.ar\/wp-content\/uploads\/2025\/10\/01-1-1024x683.jpg",1024,683,true],"newsium-medium":["https:\/\/tusnoticias.ar\/wp-content\/uploads\/2025\/10\/01-1-720x475.jpg",720,475,true]},"author_info":{"display_name":"pity","author_link":"https:\/\/tusnoticias.ar\/?author=1"},"category_info":"<a href=\"https:\/\/tusnoticias.ar\/?cat=1\" rel=\"category\">Locales<\/a>","tag_info":"Locales","comment_count":"0","_links":{"self":[{"href":"https:\/\/tusnoticias.ar\/index.php?rest_route=\/wp\/v2\/posts\/2754","targetHints":{"allow":["GET"]}}],"collection":[{"href":"https:\/\/tusnoticias.ar\/index.php?rest_route=\/wp\/v2\/posts"}],"about":[{"href":"https:\/\/tusnoticias.ar\/index.php?rest_route=\/wp\/v2\/types\/post"}],"author":[{"embeddable":true,"href":"https:\/\/tusnoticias.ar\/index.php?rest_route=\/wp\/v2\/users\/1"}],"replies":[{"embeddable":true,"href":"https:\/\/tusnoticias.ar\/index.php?rest_route=%2Fwp%2Fv2%2Fcomments&post=2754"}],"version-history":[{"count":1,"href":"https:\/\/tusnoticias.ar\/index.php?rest_route=\/wp\/v2\/posts\/2754\/revisions"}],"predecessor-version":[{"id":2756,"href":"https:\/\/tusnoticias.ar\/index.php?rest_route=\/wp\/v2\/posts\/2754\/revisions\/2756"}],"wp:featuredmedia":[{"embeddable":true,"href":"https:\/\/tusnoticias.ar\/index.php?rest_route=\/wp\/v2\/media\/2755"}],"wp:attachment":[{"href":"https:\/\/tusnoticias.ar\/index.php?rest_route=%2Fwp%2Fv2%2Fmedia&parent=2754"}],"wp:term":[{"taxonomy":"category","embeddable":true,"href":"https:\/\/tusnoticias.ar\/index.php?rest_route=%2Fwp%2Fv2%2Fcategories&post=2754"},{"taxonomy":"post_tag","embeddable":true,"href":"https:\/\/tusnoticias.ar\/index.php?rest_route=%2Fwp%2Fv2%2Ftags&post=2754"}],"curies":[{"name":"wp","href":"https:\/\/api.w.org\/{rel}","templated":true}]}}