{"id":2680,"date":"2025-08-31T19:24:19","date_gmt":"2025-08-31T22:24:19","guid":{"rendered":"http:\/\/tusnoticias.ar\/?p=2680"},"modified":"2025-08-31T19:24:19","modified_gmt":"2025-08-31T22:24:19","slug":"oficialismo-correntino-se-adjudica-el-triunfo-de-juan-pablo-valdes","status":"publish","type":"post","link":"https:\/\/tusnoticias.ar\/?p=2680","title":{"rendered":"Oficialismo correntino se adjudica el triunfo de Juan Pablo Vald\u00e9s \u00a0"},"content":{"rendered":"\n<p>Pasada las 18 horas de este domingo 31 de agosto, la alianza Vamos Corrientes se adjudic\u00f3 el triunfo en las elecciones oficiales donde la provincia litorale\u00f1a vot\u00f3 en las categor\u00edas Gobernador, Intendentes, legisladores y concejales.<\/p>\n\n\n\n<p>A trav\u00e9s de las redes sociales del espacio Vamos Corrientes public\u00f3 un flyer adelantando \u201cganamos\u201d, en \u00e9l se observa al actual mandatario correntino Gustavo Vald\u00e9s levantando las manos del candidato a Gobernador Juan Pablo Vald\u00e9s y del Candidato a Intendente de la Capital Claudio Polich.<\/p>\n\n\n\n<p>Si bien los datos oficiales a\u00fan no han sido cargados, se deber\u00e1 aguardar hasta las 21 horas para comenzar a visualizar los primeros resultados de la contienda electoral. Por su parte, el espacio opositor Limpiar Corrientes, liderado por el justicialista y actual Intendente de Paso de los Libres Mart\u00edn \u201cTincho\u201d Asc\u00faa, public\u00f3 en sus cuentas oficiales de redes sociales \u201cestamos en segunda vuelta\u201d.<\/p>\n\n\n\n<p>Este es el escenario en la provincia de Corrientes, no hay dudas que el espacio oficialista se alce con la mayor cantidad de voluntades, lo que no garantiza un triunfo en primera vuelta, es decir para ello deber\u00e1 superar el 45% o bien, el 40% + 1 y aguardar que la segunda fuerza pol\u00edtica no alcance el techo del 30%. &nbsp;&nbsp;&nbsp;&nbsp;&nbsp;<\/p>\n","protected":false},"excerpt":{"rendered":"<p>Pasada las 18 horas de este domingo 31 de agosto, la alianza Vamos Corrientes se&#8230;<\/p>\n","protected":false},"author":1,"featured_media":2681,"comment_status":"open","ping_status":"open","sticky":false,"template":"","format":"standard","meta":{"footnotes":""},"categories":[1],"tags":[],"class_list":["post-2680","post","type-post","status-publish","format-standard","has-post-thumbnail","hentry","category-locales"],"featured_image_urls":{"full":["https:\/\/tusnoticias.ar\/wp-content\/uploads\/2025\/08\/jp.jpg",788,677,false],"thumbnail":["https:\/\/tusnoticias.ar\/wp-content\/uploads\/2025\/08\/jp-150x150.jpg",150,150,true],"medium":["https:\/\/tusnoticias.ar\/wp-content\/uploads\/2025\/08\/jp-300x258.jpg",300,258,true],"medium_large":["https:\/\/tusnoticias.ar\/wp-content\/uploads\/2025\/08\/jp-768x660.jpg",640,550,true],"large":["https:\/\/tusnoticias.ar\/wp-content\/uploads\/2025\/08\/jp.jpg",640,550,false],"1536x1536":["https:\/\/tusnoticias.ar\/wp-content\/uploads\/2025\/08\/jp.jpg",788,677,false],"2048x2048":["https:\/\/tusnoticias.ar\/wp-content\/uploads\/2025\/08\/jp.jpg",788,677,false],"newsium-slider-full":["https:\/\/tusnoticias.ar\/wp-content\/uploads\/2025\/08\/jp.jpg",788,677,false],"newsium-featured":["https:\/\/tusnoticias.ar\/wp-content\/uploads\/2025\/08\/jp.jpg",788,677,false],"newsium-medium":["https:\/\/tusnoticias.ar\/wp-content\/uploads\/2025\/08\/jp-720x475.jpg",720,475,true]},"author_info":{"display_name":"pity","author_link":"https:\/\/tusnoticias.ar\/?author=1"},"category_info":"<a href=\"https:\/\/tusnoticias.ar\/?cat=1\" rel=\"category\">Locales<\/a>","tag_info":"Locales","comment_count":"0","_links":{"self":[{"href":"https:\/\/tusnoticias.ar\/index.php?rest_route=\/wp\/v2\/posts\/2680","targetHints":{"allow":["GET"]}}],"collection":[{"href":"https:\/\/tusnoticias.ar\/index.php?rest_route=\/wp\/v2\/posts"}],"about":[{"href":"https:\/\/tusnoticias.ar\/index.php?rest_route=\/wp\/v2\/types\/post"}],"author":[{"embeddable":true,"href":"https:\/\/tusnoticias.ar\/index.php?rest_route=\/wp\/v2\/users\/1"}],"replies":[{"embeddable":true,"href":"https:\/\/tusnoticias.ar\/index.php?rest_route=%2Fwp%2Fv2%2Fcomments&post=2680"}],"version-history":[{"count":1,"href":"https:\/\/tusnoticias.ar\/index.php?rest_route=\/wp\/v2\/posts\/2680\/revisions"}],"predecessor-version":[{"id":2682,"href":"https:\/\/tusnoticias.ar\/index.php?rest_route=\/wp\/v2\/posts\/2680\/revisions\/2682"}],"wp:featuredmedia":[{"embeddable":true,"href":"https:\/\/tusnoticias.ar\/index.php?rest_route=\/wp\/v2\/media\/2681"}],"wp:attachment":[{"href":"https:\/\/tusnoticias.ar\/index.php?rest_route=%2Fwp%2Fv2%2Fmedia&parent=2680"}],"wp:term":[{"taxonomy":"category","embeddable":true,"href":"https:\/\/tusnoticias.ar\/index.php?rest_route=%2Fwp%2Fv2%2Fcategories&post=2680"},{"taxonomy":"post_tag","embeddable":true,"href":"https:\/\/tusnoticias.ar\/index.php?rest_route=%2Fwp%2Fv2%2Ftags&post=2680"}],"curies":[{"name":"wp","href":"https:\/\/api.w.org\/{rel}","templated":true}]}}