{"id":2677,"date":"2025-08-29T13:16:29","date_gmt":"2025-08-29T16:16:29","guid":{"rendered":"http:\/\/tusnoticias.ar\/?p=2677"},"modified":"2025-08-30T13:18:04","modified_gmt":"2025-08-30T16:18:04","slug":"el-gobernador-habilito-la-avenida-nini-flores-y-anuncio-400-nuevas-viviendas-para-corrientes","status":"publish","type":"post","link":"https:\/\/tusnoticias.ar\/?p=2677","title":{"rendered":"El Gobernador habilit\u00f3 la avenida Nin\u00ed Flores y anunci\u00f3 400 nuevas viviendas para Corrientes"},"content":{"rendered":"\n<p>El gobernador Gustavo Vald\u00e9s encabez\u00f3 la habilitaci\u00f3n de la pavimentaci\u00f3n e iluminaci\u00f3n de la avenida Nin\u00ed Flores, destacando las inversiones realizadas en desag\u00fces, viviendas y servicios en la zona sur de la Capital. Adem\u00e1s, anunci\u00f3 la construcci\u00f3n de 400 nuevas unidades habitacionales y un futuro paseo lineal para los vecinos.<\/p>\n\n\n\n<p>Con alegr\u00eda y orgullo, el gobernador Gustavo Vald\u00e9s expres\u00f3 que en estos \u201ccasi ocho a\u00f1os que me ha acompa\u00f1ado en la gesti\u00f3n el intendente Eduardo Tassano, es incre\u00edble lo que cambi\u00f3 Corrientes\u201d y en ese sentido mencion\u00f3 que \u201cpartimos del barrio de las 678 viviendas, luego hicimos el Parque Industrial. No hab\u00eda l\u00edneas el\u00e9ctricas y extendimos el servicio hacia la zona.&nbsp; Todo con recursos de los correntinos, gracias a los cuales inauguramos m\u00e1s de 600 viviendas en esta zona\u201d.<\/p>\n\n\n\n<p>En tanto, Vald\u00e9s no pas\u00f3 por alto y resalt\u00f3 la construcci\u00f3n de la Escuela de Polic\u00eda en esta zona, una obra moderna, acorde a los tiempos que corren, con una \u201cinversi\u00f3n enorme que es orgullo para que sea la m\u00e1s importante del Norte de la Argentina\u201d.<\/p>\n\n\n\n<p>En cuanto a los desag\u00fces pluviales, el gobernador puso de manifiesto que se avanz\u00f3 fuerte con obras en toda la zona, para atender las \u201cdemandas de los vecinos y evitar inundaciones\u201d.<\/p>\n\n\n\n<p>Y al referirse puntualmente a la avenida Nini Flores, el titular del ejecutivo provincial valor\u00f3 el trabajo en conjunto entre el INVICO y Vialidad Urbana para que esta obra \u201choy est\u00e9 terminada\u201d, acotando que la misma no es solo una avenida: \u201ces una gran obra, con administraci\u00f3n propia, con casi dos kil\u00f3metros de intubado que est\u00e1n debajo de la avenida\u201d e hizo un alto para pedir un fuerte aplauso para los trabajadores de Vialidad Urbana.<\/p>\n\n\n\n<p>\u201cPor ese camino, con Vialidad Urbana, abaratamos considerablemente los costos\u201d, sentenci\u00f3 Vald\u00e9s y comunic\u00f3 que en obras de entubamiento se invirtieron cuatro mil millones de pesos y en la avenida Nini Marshal, con su pavimentaci\u00f3n e iluminaci\u00f3n, ocho mil millones de pesos, todo con \u201crecursos de los correntinos\u201d.<\/p>\n\n\n\n<p>Al continuar con sus palabras, el gobernador precis\u00f3 que junto a la municipalidad y al trabajo de todo el equipo que comanda Claudio Polich, la provincia lleva concretadas 18 avenidas en Capital.<\/p>\n\n\n\n<p>Luego, Vald\u00e9s anunci\u00f3 que, con el objetivo de seguir brindando soluciones habitacionales a las familias correntinas, a trav\u00e9s del INVICO \u201cvamos a construir 400 nuevas viviendas para as\u00ed lograr m\u00e1s de 1000 viviendas en toda esta zona\u201d, ante el aplauso de los vecinos presentes, que agradecieron tal gesto.<\/p>\n\n\n\n<p>Asimismo, Vald\u00e9s dej\u00f3 en claro que el pr\u00f3ximo paso en esta zona que crece y crece en Corrientes es contar con un paseo lineal para que los vecinos puedan disfrutar del espacio verde y transitar sin inconvenientes.<\/p>\n\n\n\n<p>Para concluir, Vald\u00e9s asegur\u00f3 que \u201ceste es el rumbo hacia el desarrollo y el progreso, todos juntos por grandes cosas y a seguir construyendo el futuro de Corrientes\u201d.<\/p>\n\n\n\n<p><strong>Trabajo mancomunado<\/strong><\/p>\n\n\n\n<p>En la ocasi\u00f3n, el ministro de Servicios y Obras P\u00fablicas, Claudio Polich, manifest\u00f3 que \u201cesta obra es muy deseada y necesaria, y es un salto de calidad, va a descargar parte del tr\u00e1nsito a la Avenida Maip\u00fa\u201d.<\/p>\n\n\n\n<p>\u201cTiene que ver de un trabajo entre la Provincia y la Municipalidad de dotarles de infraestructura\u201d, resalt\u00f3 Polich y acentu\u00f3 en que \u201cse trata tambi\u00e9n de tener una vida m\u00e1s sencilla a trav\u00e9s de inversiones de estas caracter\u00edsticas\u201d.<\/p>\n\n\n\n<p>\u201cSabemos lo que costo, es una importante inversi\u00f3n tambi\u00e9n hecha en desag\u00fces para mejorar el escurrimiento\u201d, indic\u00f3 para cerrar el jefe de la cartera de Obras y Servicios P\u00fablicos.<\/p>\n\n\n\n<p>Por su parte, el interventor de INVICO, Lizardo Gonz\u00e1les, consider\u00f3 que \u201cesta es una obra ejecutada por el Gobierno de la Provincia, que tuvo dos etapas, la primera realizada por Vialidad sobre todo lo que es desag\u00fce pluvial\u201d, y continu\u00f3: \u201cel Instituto de Viviendas se encarg\u00f3 de la segunda etapa basada en la colocaci\u00f3n del pavimiento de hormig\u00f3n y doble calzada\u201d.<\/p>\n\n\n\n<p>Por \u00faltimo, el interventor puso de relieve la inversi\u00f3n y el trabajo del Gobierno de la Provincia y llam\u00f3 \u201ca seguir trabajando que este es el futuro\u201d.<\/p>\n\n\n\n<p><strong>Impulsando el desarrollo<\/strong><\/p>\n\n\n\n<p>Al hablar ante los presentes, el intendente Eduardo Tassano record\u00f3 que, en este sector de la ciudad, antes lo \u00fanico que hab\u00eda era una avenida de tierra, inconclusa. Y luego se hicieron dos barrios del INVICO, la Escuela de Polic\u00eda y ahora con la flamante infraestructura vial de la Avenida Nini Flores, se unir\u00e1 con la Avenida Maip\u00fa, Santa Catalina, Alta Gracia y la zona sur de Corrientes, \u201cimpulsando el desarrollo de toda la zona\u201d.<\/p>\n\n\n\n<p>Tassano coment\u00f3 a su vez que el ingreso a Santa Catalina con su Parque Industrial se va a constituir en un polo de desarrollo e inform\u00f3 que ya se cuenta con una empresa que va a colocar energ\u00eda solar para fortalecer la red el\u00e9ctrica.<\/p>\n\n\n\n<p>En tanto, Tassano consider\u00f3 relevante la Reserva Natural de Santa Catalina, con sus 300 hect\u00e1reas, que va a ser tambi\u00e9n un centro de investigaci\u00f3n universitaria.<\/p>\n\n\n\n<p>Al proseguir, el jefe comunal destac\u00f3 que, junto al gobernador Vald\u00e9s, el ministro Polich y todo su equipo, \u201cnos pusimos a trabajar por y para los vecinos\u201d y cerr\u00f3 afirmando que, gracias a ello, \u201clogramos esta transformaci\u00f3n vital de un amplio sector de lo que llamamos la nueva ciudad de Corrientes\u201d.<\/p>\n\n\n\n<p>Roxana Borda, vecina del Santa Catalina agradeci\u00f3 al Gobernador y a su equipo de trabajo por la pavimentaci\u00f3n de la avenida. Adem\u00e1s, la bendici\u00f3n estuvo a cargo del padre Mart\u00edn Vareli.<\/p>\n\n\n\n<p><strong>Detalles<\/strong><\/p>\n\n\n\n<p>El proyecto consisti\u00f3 en la ejecuci\u00f3n de hormig\u00f3n simple doble calzada a lo largo de la avenida Nini Flores desde la intercepci\u00f3n de las calles Ram\u00f3n \u201cTito\u201d Aranda, hasta la intercepci\u00f3n con la Avenida Santa Catalina, con una longitud aproximada de 3.500 metros lineales de calzada.<\/p>\n\n\n\n<p><strong>Presencias<\/strong><\/p>\n\n\n\n<p>Acompa\u00f1aron al gobernador Gustavo Vald\u00e9s, el intendente municipal, Eduardo Tasano, el viceintendente municipal, Emilio Lanari, funcionarios del poder ejecutivo provincial, senadores, diputados, ministros del Poder Ejecutivo, de Obras y Servicios P\u00fablicos, Claudio Polich, de Desarrollo Social, \u00c1dan Gaya, de Coordinaci\u00f3n y Planificaci\u00f3n, Miguel Olivieri, de Educaci\u00f3n, Pr\u00e1xedes L\u00f3pez, de Justicia, Juan Jos\u00e9 L\u00f3pez Desimoni, de Industria, Trabajo, y Comercio, Mariel Gabur, el interventor del INVICO, Lizardo Gonz\u00e1lez, los concejales presentes, dem\u00e1s autoridades provinciales y municipales, el intendente de Ituzaing\u00f3, Juan Pablo Vald\u00e9s, y vecinos<\/p>\n","protected":false},"excerpt":{"rendered":"<p>El gobernador Gustavo Vald\u00e9s encabez\u00f3 la habilitaci\u00f3n de la pavimentaci\u00f3n e iluminaci\u00f3n de la avenida&#8230;<\/p>\n","protected":false},"author":1,"featured_media":2678,"comment_status":"open","ping_status":"open","sticky":false,"template":"","format":"standard","meta":{"footnotes":""},"categories":[1],"tags":[],"class_list":["post-2677","post","type-post","status-publish","format-standard","has-post-thumbnail","hentry","category-locales"],"featured_image_urls":{"full":["https:\/\/tusnoticias.ar\/wp-content\/uploads\/2025\/08\/01-6.jpg",1200,800,false],"thumbnail":["https:\/\/tusnoticias.ar\/wp-content\/uploads\/2025\/08\/01-6-150x150.jpg",150,150,true],"medium":["https:\/\/tusnoticias.ar\/wp-content\/uploads\/2025\/08\/01-6-300x200.jpg",300,200,true],"medium_large":["https:\/\/tusnoticias.ar\/wp-content\/uploads\/2025\/08\/01-6-768x512.jpg",640,427,true],"large":["https:\/\/tusnoticias.ar\/wp-content\/uploads\/2025\/08\/01-6-1024x683.jpg",640,427,true],"1536x1536":["https:\/\/tusnoticias.ar\/wp-content\/uploads\/2025\/08\/01-6.jpg",1200,800,false],"2048x2048":["https:\/\/tusnoticias.ar\/wp-content\/uploads\/2025\/08\/01-6.jpg",1200,800,false],"newsium-slider-full":["https:\/\/tusnoticias.ar\/wp-content\/uploads\/2025\/08\/01-6.jpg",1200,800,false],"newsium-featured":["https:\/\/tusnoticias.ar\/wp-content\/uploads\/2025\/08\/01-6-1024x683.jpg",1024,683,true],"newsium-medium":["https:\/\/tusnoticias.ar\/wp-content\/uploads\/2025\/08\/01-6-720x475.jpg",720,475,true]},"author_info":{"display_name":"pity","author_link":"https:\/\/tusnoticias.ar\/?author=1"},"category_info":"<a href=\"https:\/\/tusnoticias.ar\/?cat=1\" rel=\"category\">Locales<\/a>","tag_info":"Locales","comment_count":"0","_links":{"self":[{"href":"https:\/\/tusnoticias.ar\/index.php?rest_route=\/wp\/v2\/posts\/2677","targetHints":{"allow":["GET"]}}],"collection":[{"href":"https:\/\/tusnoticias.ar\/index.php?rest_route=\/wp\/v2\/posts"}],"about":[{"href":"https:\/\/tusnoticias.ar\/index.php?rest_route=\/wp\/v2\/types\/post"}],"author":[{"embeddable":true,"href":"https:\/\/tusnoticias.ar\/index.php?rest_route=\/wp\/v2\/users\/1"}],"replies":[{"embeddable":true,"href":"https:\/\/tusnoticias.ar\/index.php?rest_route=%2Fwp%2Fv2%2Fcomments&post=2677"}],"version-history":[{"count":1,"href":"https:\/\/tusnoticias.ar\/index.php?rest_route=\/wp\/v2\/posts\/2677\/revisions"}],"predecessor-version":[{"id":2679,"href":"https:\/\/tusnoticias.ar\/index.php?rest_route=\/wp\/v2\/posts\/2677\/revisions\/2679"}],"wp:featuredmedia":[{"embeddable":true,"href":"https:\/\/tusnoticias.ar\/index.php?rest_route=\/wp\/v2\/media\/2678"}],"wp:attachment":[{"href":"https:\/\/tusnoticias.ar\/index.php?rest_route=%2Fwp%2Fv2%2Fmedia&parent=2677"}],"wp:term":[{"taxonomy":"category","embeddable":true,"href":"https:\/\/tusnoticias.ar\/index.php?rest_route=%2Fwp%2Fv2%2Fcategories&post=2677"},{"taxonomy":"post_tag","embeddable":true,"href":"https:\/\/tusnoticias.ar\/index.php?rest_route=%2Fwp%2Fv2%2Ftags&post=2677"}],"curies":[{"name":"wp","href":"https:\/\/api.w.org\/{rel}","templated":true}]}}