{"id":2661,"date":"2025-08-21T13:22:28","date_gmt":"2025-08-21T16:22:28","guid":{"rendered":"http:\/\/tusnoticias.ar\/?p=2661"},"modified":"2025-08-23T13:28:00","modified_gmt":"2025-08-23T16:28:00","slug":"desde-caseros-vamos-corrientes-insto-a-continuar-el-desarrollo-del-municipio-y-la-provincia","status":"publish","type":"post","link":"https:\/\/tusnoticias.ar\/?p=2661","title":{"rendered":"Desde Caseros Vamos Corrientes inst\u00f3 a continuar el desarrollo del municipio y la provincia"},"content":{"rendered":"\n<p>El espacio Vamos Corrientes contin\u00faa recorriendo la provincia, en esta oportunidad en el club Progreso de Monte Caseros con un acto de campa\u00f1a en el que la f\u00f3rmula a gobernador y vice de Juan Pablo Vald\u00e9s y Pedro Braillard Poccard expres\u00f3 ante una multitud claro apoyo a la f\u00f3rmula local a la intendencia y vice de Juan Carlos \u00c1lvarez y Saul Mart\u00edn Duarte. En la ocasi\u00f3n, se comprometieron a avanzar en conjunto en planes de pavimentaci\u00f3n, viviendas, salud, educaci\u00f3n y lograr el puente entre esa localidad y Bella Uni\u00f3n, Uruguay.<br>Al tomar la palabra, Juan Pablo Vald\u00e9s se\u00f1al\u00f3 all\u00ed que \u00ablo importante es el proyecto de futuro que tiene la provincia y entender que lo hacemos todo juntos con diferentes miradas y pareceres. Yo, hace cuatro a\u00f1os con pasi\u00f3n y energ\u00eda, junto a mi equipo municipal, cambiamos Ituzaing\u00f3, y ahora con este gran equipo de Vamos Corrientes vengo a decirle a Monte Caseros que quiero seguir cambiando la provincia y brindarle todo mi apoyo a Juan Carlos \u00c1lvarez para que siga cambiando esta ciudad\u00bb.<br>Y agreg\u00f3 que \u00abmientras los dem\u00e1s s\u00f3lo saben agraviar sin propuestas, nuestro espacio es el \u00fanico que tiene el proyecto y sabe cu\u00e1l es el camino del desarrollo y la transformaci\u00f3n de la provincia con una propuesta clara, sin endeudar la administraci\u00f3n y mantener impuestos bajos para que vengan las empresas, crezcan comercios y puedan florecer los emprendedores. Somos los \u00fanicos que proponemos una modernizaci\u00f3n integral de la provincia a trav\u00e9s del ordenamiento digital y la inteligencia artificial para la prevenci\u00f3n del delito mediante mapas predictivos\u00bb.<br>\u00abQueremos seguir haciendo viviendas, hospitales, escuelas, y sepan que junto a Juan Carlos y Sa\u00fal vamos a continuar asfaltando todo Monte Caseros, haciendo viviendas O\u00f1ondiv\u00e9 para que los montecasere\u00f1os tengan m\u00e1s casas, tengan m\u00e1s salud y fundamentalmente me comprometo a que esta ciudad pueda tener el puente con Bella Uni\u00f3n\u00bb, sostuvo luego.<br>Consider\u00f3 as\u00ed que \u00aben todo este contexto, tenemos que trabajar en darle valor agregado a la materia prima para generar nuevos puestos de trabajo. Vamos a trabajar todos juntos con este equipo junto a Pedro para que esas oportunidades lleguen a los correntinos y puedan ganarse la vida de manera honrada, pero sobre todo para que los j\u00f3venes se queden en Corrientes, para que el mejor futuro sea el que encuentren ac\u00e1 en Corrientes. Y para eso es fundamental la educaci\u00f3n potenciando nuestros institutos de ense\u00f1anza superior. Por eso les quiero pedir un \u00faltimo esfuerzo para que este 31 de agosto tengamos un triunfo contundente, porque no nos merecemos volver al pasado\u00bb.<br>Mientras que Juan Carlos \u00c1lvarez, al comenzar su discurso, exclam\u00f3 que \u00abdesde el sur de la provincia, desde la ciudad de los brazos abiertos, vamos a garantizar, no s\u00f3lo la reelecci\u00f3n en nuestro municipio, sino tambi\u00e9n la victoria a Juan Pablo Vald\u00e9s como gobernador en primera vuelta\u00bb. Luego agradeci\u00f3 a su equipo de trabajo \u00abpor lo que hoy estamos exhibiendo a nuestros vecinos y a toda la provincia, que no es m\u00e1s que el gran futuro que tenemos los casere\u00f1os, porque Monte Caseros sigue la senda del desarrollo y crecimiento\u00bb. Y areng\u00f3 finalmente a la militancia presente: \u00abVamos a dar todo para ganar en primera vuelta, a no bajar los brazos que junto a Juan Pablo Vald\u00e9s y Pedro Braillard Poccard vamos a seguir transformando esta ciudad que amamos\u00bb.<\/p>\n","protected":false},"excerpt":{"rendered":"<p>El espacio Vamos Corrientes contin\u00faa recorriendo la provincia, en esta oportunidad en el club Progreso&#8230;<\/p>\n","protected":false},"author":1,"featured_media":2662,"comment_status":"open","ping_status":"open","sticky":false,"template":"","format":"standard","meta":{"footnotes":""},"categories":[3],"tags":[],"class_list":["post-2661","post","type-post","status-publish","format-standard","has-post-thumbnail","hentry","category-interior"],"featured_image_urls":{"full":["https:\/\/tusnoticias.ar\/wp-content\/uploads\/2025\/08\/candidato.jpg",1600,1200,false],"thumbnail":["https:\/\/tusnoticias.ar\/wp-content\/uploads\/2025\/08\/candidato-150x150.jpg",150,150,true],"medium":["https:\/\/tusnoticias.ar\/wp-content\/uploads\/2025\/08\/candidato-300x225.jpg",300,225,true],"medium_large":["https:\/\/tusnoticias.ar\/wp-content\/uploads\/2025\/08\/candidato-768x576.jpg",640,480,true],"large":["https:\/\/tusnoticias.ar\/wp-content\/uploads\/2025\/08\/candidato-1024x768.jpg",640,480,true],"1536x1536":["https:\/\/tusnoticias.ar\/wp-content\/uploads\/2025\/08\/candidato-1536x1152.jpg",1536,1152,true],"2048x2048":["https:\/\/tusnoticias.ar\/wp-content\/uploads\/2025\/08\/candidato.jpg",1600,1200,false],"newsium-slider-full":["https:\/\/tusnoticias.ar\/wp-content\/uploads\/2025\/08\/candidato-1280x845.jpg",1280,845,true],"newsium-featured":["https:\/\/tusnoticias.ar\/wp-content\/uploads\/2025\/08\/candidato-1024x768.jpg",1024,768,true],"newsium-medium":["https:\/\/tusnoticias.ar\/wp-content\/uploads\/2025\/08\/candidato-720x475.jpg",720,475,true]},"author_info":{"display_name":"pity","author_link":"https:\/\/tusnoticias.ar\/?author=1"},"category_info":"<a href=\"https:\/\/tusnoticias.ar\/?cat=3\" rel=\"category\">Interior<\/a>","tag_info":"Interior","comment_count":"0","_links":{"self":[{"href":"https:\/\/tusnoticias.ar\/index.php?rest_route=\/wp\/v2\/posts\/2661","targetHints":{"allow":["GET"]}}],"collection":[{"href":"https:\/\/tusnoticias.ar\/index.php?rest_route=\/wp\/v2\/posts"}],"about":[{"href":"https:\/\/tusnoticias.ar\/index.php?rest_route=\/wp\/v2\/types\/post"}],"author":[{"embeddable":true,"href":"https:\/\/tusnoticias.ar\/index.php?rest_route=\/wp\/v2\/users\/1"}],"replies":[{"embeddable":true,"href":"https:\/\/tusnoticias.ar\/index.php?rest_route=%2Fwp%2Fv2%2Fcomments&post=2661"}],"version-history":[{"count":1,"href":"https:\/\/tusnoticias.ar\/index.php?rest_route=\/wp\/v2\/posts\/2661\/revisions"}],"predecessor-version":[{"id":2663,"href":"https:\/\/tusnoticias.ar\/index.php?rest_route=\/wp\/v2\/posts\/2661\/revisions\/2663"}],"wp:featuredmedia":[{"embeddable":true,"href":"https:\/\/tusnoticias.ar\/index.php?rest_route=\/wp\/v2\/media\/2662"}],"wp:attachment":[{"href":"https:\/\/tusnoticias.ar\/index.php?rest_route=%2Fwp%2Fv2%2Fmedia&parent=2661"}],"wp:term":[{"taxonomy":"category","embeddable":true,"href":"https:\/\/tusnoticias.ar\/index.php?rest_route=%2Fwp%2Fv2%2Fcategories&post=2661"},{"taxonomy":"post_tag","embeddable":true,"href":"https:\/\/tusnoticias.ar\/index.php?rest_route=%2Fwp%2Fv2%2Ftags&post=2661"}],"curies":[{"name":"wp","href":"https:\/\/api.w.org\/{rel}","templated":true}]}}