{"id":2658,"date":"2025-08-23T13:01:37","date_gmt":"2025-08-23T16:01:37","guid":{"rendered":"http:\/\/tusnoticias.ar\/?p=2658"},"modified":"2025-08-23T13:01:37","modified_gmt":"2025-08-23T16:01:37","slug":"las-ferias-de-la-ciudad-cierran-agosto-conotra-semana-de-recorrido-por-los-barrios","status":"publish","type":"post","link":"https:\/\/tusnoticias.ar\/?p=2658","title":{"rendered":"Las Ferias de la Ciudad cierran agosto conotra semana de recorrido por los barrios"},"content":{"rendered":"\n<p>La iniciativa municipal coordinada por la Secretar\u00eda de Desarrollo Econ\u00f3mico municipal, a trav\u00e9s de la Subsecretar\u00eda de Econom\u00eda Social, llegar\u00e1 a distintos espacios p\u00fablicos cerrando el mes de agosto. Desde el martes 26 y hasta el domingo 31, repetir\u00e1 la modalidad de instalarse con distintas ofertas en habituales paseos y espacios de la ciudad.<br>El recorrido iniciar\u00e1 el martes 26. Ese d\u00eda los feriantes estar\u00e1n en la plaza Torrent (San Lorenzo y Bol\u00edvar) y la plaza Los Amigos (por Brasil, frente a la Escuela 6) en el barrio Libertad.<br>El mi\u00e9rcoles 27 se presentar\u00e1n en la plaza Torrent (San Lorenzo y Bol\u00edvar). En tanto, el jueves 28, se ubicar\u00e1n en plaza La Cruz, por calle Salta, en el barrio del mismo nombre.<br>El viernes 29 se repetir\u00e1 la propuesta, en simult\u00e1neo, en la plaza Rep\u00fablica del Per\u00fa de las Mil Viviendas (Av. Patagonia entre Av. La Paz y Av. Paysand\u00fa); en el barrio Ber\u00f3n de Astrada -plazoleta Los Inmigrantes (Ac. Correa Fern\u00e1ndez y Av. Sarmiento); y frente al Colegio Illia (Larrea al 3400) del barrio Laguna Seca.<br>El recorrido continuar\u00e1 el s\u00e1bado 30, de 8 a 13, por la calle Pil\u00fa G\u00f3mez y Jos\u00e9 Rol\u00f3n, en el parque Mitre. Y en el Paseo Arazaty, de 10 a 22.<br>En tanto que el domingo 31 habr\u00e1 puesteros en el Paseo Arazaty que ofrecer\u00e1n, de 10 a 20, plantas ornamentales, ofertas gastron\u00f3micas, artesan\u00edas y manualidades.<\/p>\n\n\n\n<p><strong>CRONOGRAMA<\/strong><br>Martes 26 de agosto: barrio Centro (plaza Torrent) y barrio Libertad (plazoleta Los Amigos).<br>Mi\u00e9rcoles 27 de agosto: barrio Centro (plaza Torrent).<br>Jueves 28 de agosto: barrio La Cruz (plaza La Cruz).<br>Viernes 29 de agosto: barrio Mil Viviendas (plaza Rep\u00fablica del Per\u00fa), barrio Ber\u00f3n de Astrada (plazoleta Los Inmigrantes), barrio Laguna Seca (Larrea al 3400).<br>S\u00e1bado 30 de agosto: barrio Aldana (parque Mitre) y Paseo Arazaty (10 a 22).<br>Domingo 31 de agosto: Paseo Arazaty.<\/p>\n","protected":false},"excerpt":{"rendered":"<p>La iniciativa municipal coordinada por la Secretar\u00eda de Desarrollo Econ\u00f3mico municipal, a trav\u00e9s de la&#8230;<\/p>\n","protected":false},"author":1,"featured_media":2659,"comment_status":"open","ping_status":"open","sticky":false,"template":"","format":"standard","meta":{"footnotes":""},"categories":[1],"tags":[],"class_list":["post-2658","post","type-post","status-publish","format-standard","has-post-thumbnail","hentry","category-locales"],"featured_image_urls":{"full":["https:\/\/tusnoticias.ar\/wp-content\/uploads\/2025\/08\/ferias.jpg",800,534,false],"thumbnail":["https:\/\/tusnoticias.ar\/wp-content\/uploads\/2025\/08\/ferias-150x150.jpg",150,150,true],"medium":["https:\/\/tusnoticias.ar\/wp-content\/uploads\/2025\/08\/ferias-300x200.jpg",300,200,true],"medium_large":["https:\/\/tusnoticias.ar\/wp-content\/uploads\/2025\/08\/ferias-768x513.jpg",640,428,true],"large":["https:\/\/tusnoticias.ar\/wp-content\/uploads\/2025\/08\/ferias.jpg",640,427,false],"1536x1536":["https:\/\/tusnoticias.ar\/wp-content\/uploads\/2025\/08\/ferias.jpg",800,534,false],"2048x2048":["https:\/\/tusnoticias.ar\/wp-content\/uploads\/2025\/08\/ferias.jpg",800,534,false],"newsium-slider-full":["https:\/\/tusnoticias.ar\/wp-content\/uploads\/2025\/08\/ferias.jpg",800,534,false],"newsium-featured":["https:\/\/tusnoticias.ar\/wp-content\/uploads\/2025\/08\/ferias.jpg",800,534,false],"newsium-medium":["https:\/\/tusnoticias.ar\/wp-content\/uploads\/2025\/08\/ferias-720x475.jpg",720,475,true]},"author_info":{"display_name":"pity","author_link":"https:\/\/tusnoticias.ar\/?author=1"},"category_info":"<a href=\"https:\/\/tusnoticias.ar\/?cat=1\" rel=\"category\">Locales<\/a>","tag_info":"Locales","comment_count":"0","_links":{"self":[{"href":"https:\/\/tusnoticias.ar\/index.php?rest_route=\/wp\/v2\/posts\/2658","targetHints":{"allow":["GET"]}}],"collection":[{"href":"https:\/\/tusnoticias.ar\/index.php?rest_route=\/wp\/v2\/posts"}],"about":[{"href":"https:\/\/tusnoticias.ar\/index.php?rest_route=\/wp\/v2\/types\/post"}],"author":[{"embeddable":true,"href":"https:\/\/tusnoticias.ar\/index.php?rest_route=\/wp\/v2\/users\/1"}],"replies":[{"embeddable":true,"href":"https:\/\/tusnoticias.ar\/index.php?rest_route=%2Fwp%2Fv2%2Fcomments&post=2658"}],"version-history":[{"count":1,"href":"https:\/\/tusnoticias.ar\/index.php?rest_route=\/wp\/v2\/posts\/2658\/revisions"}],"predecessor-version":[{"id":2660,"href":"https:\/\/tusnoticias.ar\/index.php?rest_route=\/wp\/v2\/posts\/2658\/revisions\/2660"}],"wp:featuredmedia":[{"embeddable":true,"href":"https:\/\/tusnoticias.ar\/index.php?rest_route=\/wp\/v2\/media\/2659"}],"wp:attachment":[{"href":"https:\/\/tusnoticias.ar\/index.php?rest_route=%2Fwp%2Fv2%2Fmedia&parent=2658"}],"wp:term":[{"taxonomy":"category","embeddable":true,"href":"https:\/\/tusnoticias.ar\/index.php?rest_route=%2Fwp%2Fv2%2Fcategories&post=2658"},{"taxonomy":"post_tag","embeddable":true,"href":"https:\/\/tusnoticias.ar\/index.php?rest_route=%2Fwp%2Fv2%2Ftags&post=2658"}],"curies":[{"name":"wp","href":"https:\/\/api.w.org\/{rel}","templated":true}]}}