{"id":2480,"date":"2025-05-26T16:21:41","date_gmt":"2025-05-26T19:21:41","guid":{"rendered":"http:\/\/tusnoticias.ar\/?p=2480"},"modified":"2025-05-26T16:21:42","modified_gmt":"2025-05-26T19:21:42","slug":"valdes-anuncio-que-las-elecciones-provinciales-seran-el-31-de-agosto","status":"publish","type":"post","link":"https:\/\/tusnoticias.ar\/?p=2480","title":{"rendered":"Vald\u00e9s anunci\u00f3 que las elecciones provinciales ser\u00e1n el 31 de agosto"},"content":{"rendered":"\n<p>A trav\u00e9s de sus redes sociales, el gobernador Gustavo Vald\u00e9s comunic\u00f3 que, mediante el decreto N\u00b01056\/25, se convoca a elecciones provinciales para el 31 de agosto pr\u00f3ximo.<br>\u201cEse d\u00eda, los correntinos elegiremos gobernador y vice, as\u00ed como senadores y diputados provinciales\u201d, expres\u00f3 el mandatario e invit\u00f3 a \u201ctodos los municipios a que nos acompa\u00f1en en esa fecha para elegir sus autoridades\u201d.<\/p>\n","protected":false},"excerpt":{"rendered":"<p>A trav\u00e9s de sus redes sociales, el gobernador Gustavo Vald\u00e9s comunic\u00f3 que, mediante el decreto&#8230;<\/p>\n","protected":false},"author":1,"featured_media":2481,"comment_status":"open","ping_status":"open","sticky":false,"template":"","format":"standard","meta":{"footnotes":""},"categories":[1],"tags":[],"class_list":["post-2480","post","type-post","status-publish","format-standard","has-post-thumbnail","hentry","category-locales"],"featured_image_urls":{"full":["https:\/\/tusnoticias.ar\/wp-content\/uploads\/2025\/05\/01-2.jpg",1200,800,false],"thumbnail":["https:\/\/tusnoticias.ar\/wp-content\/uploads\/2025\/05\/01-2-150x150.jpg",150,150,true],"medium":["https:\/\/tusnoticias.ar\/wp-content\/uploads\/2025\/05\/01-2-300x200.jpg",300,200,true],"medium_large":["https:\/\/tusnoticias.ar\/wp-content\/uploads\/2025\/05\/01-2-768x512.jpg",640,427,true],"large":["https:\/\/tusnoticias.ar\/wp-content\/uploads\/2025\/05\/01-2-1024x683.jpg",640,427,true],"1536x1536":["https:\/\/tusnoticias.ar\/wp-content\/uploads\/2025\/05\/01-2.jpg",1200,800,false],"2048x2048":["https:\/\/tusnoticias.ar\/wp-content\/uploads\/2025\/05\/01-2.jpg",1200,800,false],"newsium-slider-full":["https:\/\/tusnoticias.ar\/wp-content\/uploads\/2025\/05\/01-2.jpg",1200,800,false],"newsium-featured":["https:\/\/tusnoticias.ar\/wp-content\/uploads\/2025\/05\/01-2-1024x683.jpg",1024,683,true],"newsium-medium":["https:\/\/tusnoticias.ar\/wp-content\/uploads\/2025\/05\/01-2-720x475.jpg",720,475,true]},"author_info":{"display_name":"pity","author_link":"https:\/\/tusnoticias.ar\/?author=1"},"category_info":"<a href=\"https:\/\/tusnoticias.ar\/?cat=1\" rel=\"category\">Locales<\/a>","tag_info":"Locales","comment_count":"0","_links":{"self":[{"href":"https:\/\/tusnoticias.ar\/index.php?rest_route=\/wp\/v2\/posts\/2480","targetHints":{"allow":["GET"]}}],"collection":[{"href":"https:\/\/tusnoticias.ar\/index.php?rest_route=\/wp\/v2\/posts"}],"about":[{"href":"https:\/\/tusnoticias.ar\/index.php?rest_route=\/wp\/v2\/types\/post"}],"author":[{"embeddable":true,"href":"https:\/\/tusnoticias.ar\/index.php?rest_route=\/wp\/v2\/users\/1"}],"replies":[{"embeddable":true,"href":"https:\/\/tusnoticias.ar\/index.php?rest_route=%2Fwp%2Fv2%2Fcomments&post=2480"}],"version-history":[{"count":1,"href":"https:\/\/tusnoticias.ar\/index.php?rest_route=\/wp\/v2\/posts\/2480\/revisions"}],"predecessor-version":[{"id":2482,"href":"https:\/\/tusnoticias.ar\/index.php?rest_route=\/wp\/v2\/posts\/2480\/revisions\/2482"}],"wp:featuredmedia":[{"embeddable":true,"href":"https:\/\/tusnoticias.ar\/index.php?rest_route=\/wp\/v2\/media\/2481"}],"wp:attachment":[{"href":"https:\/\/tusnoticias.ar\/index.php?rest_route=%2Fwp%2Fv2%2Fmedia&parent=2480"}],"wp:term":[{"taxonomy":"category","embeddable":true,"href":"https:\/\/tusnoticias.ar\/index.php?rest_route=%2Fwp%2Fv2%2Fcategories&post=2480"},{"taxonomy":"post_tag","embeddable":true,"href":"https:\/\/tusnoticias.ar\/index.php?rest_route=%2Fwp%2Fv2%2Ftags&post=2480"}],"curies":[{"name":"wp","href":"https:\/\/api.w.org\/{rel}","templated":true}]}}