{"id":2407,"date":"2025-04-17T14:09:53","date_gmt":"2025-04-17T17:09:53","guid":{"rendered":"http:\/\/tusnoticias.ar\/?p=2407"},"modified":"2025-04-18T14:15:55","modified_gmt":"2025-04-18T17:15:55","slug":"banco-aprobacion-unanime-del-ejercicio-economico-financiero-2024-y-ratificacion-de-sus-autoridades","status":"publish","type":"post","link":"https:\/\/tusnoticias.ar\/?p=2407","title":{"rendered":"BanCo: Aprobaci\u00f3n un\u00e1nime del Ejercicio Econ\u00f3mico Financiero 2024 y ratificaci\u00f3n de sus autoridades"},"content":{"rendered":"\n<p>El Banco de Corrientes (BanCo) realiz\u00f3, recientemente en Corrientes Capital, su Asamblea General Ordinaria, la Asamblea Especial de Clases y la Asamblea General Extraordinaria N\u00b0 117, en la que se aprob\u00f3 por unanimidad la Memoria, Rese\u00f1a Informativa y Balance correspondiente al Ejercicio Econ\u00f3mico Financiero N\u00b0 75, que abarca el per\u00edodo del 1 de enero al 31 de diciembre de 2024.<\/p>\n\n\n\n<p>La misma se realiz\u00f3 en el Auditorio Juli\u00e1n Zini y estuvo integrada por el Directorio del BanCo, encabezado por la presidente Laura Sprovieri, el vicepresidente Ricardo Rodr\u00edguez y el director Enzo Mar\u00eda; quienes fueron ratificado como m\u00e1ximas autoridades de la entidad financiera correntina. Tambi\u00e9n participaron el ministro de Hacienda y Finanzas de la Provincia, Marcelo Rivas Piasentini; el subsecretario de Finanzas, H\u00e9ctor Grachot; accionistas y representantes de la Inspecci\u00f3n General de Personas Jur\u00eddicas de Corrientes.<\/p>\n\n\n\n<p>Durante la jornada tambi\u00e9n se procedi\u00f3 a la designaci\u00f3n de s\u00edndicos que conformar\u00e1n la Comisi\u00f3n Fiscalizadora para el pr\u00f3ximo ejercicio, siendo reelegidos s\u00edndicos titulares los contadores Rosa Pasetto, Luis Miguel Gutnisky y Bernardo Rodr\u00edguez. Desde la entidad destacaron el resultado positivo del balance presentado, y reafirmaron el compromiso del BanCo con el desarrollo econ\u00f3mico y social de Corrientes, fortaleciendo su rol como motor financiero de la provincia.<\/p>\n","protected":false},"excerpt":{"rendered":"<p>El Banco de Corrientes (BanCo) realiz\u00f3, recientemente en Corrientes Capital, su Asamblea General Ordinaria, la&#8230;<\/p>\n","protected":false},"author":1,"featured_media":2408,"comment_status":"open","ping_status":"open","sticky":false,"template":"","format":"standard","meta":{"footnotes":""},"categories":[1],"tags":[],"class_list":["post-2407","post","type-post","status-publish","format-standard","has-post-thumbnail","hentry","category-locales"],"featured_image_urls":{"full":["https:\/\/tusnoticias.ar\/wp-content\/uploads\/2025\/04\/banco.jpg",1200,800,false],"thumbnail":["https:\/\/tusnoticias.ar\/wp-content\/uploads\/2025\/04\/banco-150x150.jpg",150,150,true],"medium":["https:\/\/tusnoticias.ar\/wp-content\/uploads\/2025\/04\/banco-300x200.jpg",300,200,true],"medium_large":["https:\/\/tusnoticias.ar\/wp-content\/uploads\/2025\/04\/banco-768x512.jpg",640,427,true],"large":["https:\/\/tusnoticias.ar\/wp-content\/uploads\/2025\/04\/banco-1024x683.jpg",640,427,true],"1536x1536":["https:\/\/tusnoticias.ar\/wp-content\/uploads\/2025\/04\/banco.jpg",1200,800,false],"2048x2048":["https:\/\/tusnoticias.ar\/wp-content\/uploads\/2025\/04\/banco.jpg",1200,800,false],"newsium-slider-full":["https:\/\/tusnoticias.ar\/wp-content\/uploads\/2025\/04\/banco.jpg",1200,800,false],"newsium-featured":["https:\/\/tusnoticias.ar\/wp-content\/uploads\/2025\/04\/banco-1024x683.jpg",1024,683,true],"newsium-medium":["https:\/\/tusnoticias.ar\/wp-content\/uploads\/2025\/04\/banco-720x475.jpg",720,475,true]},"author_info":{"display_name":"pity","author_link":"https:\/\/tusnoticias.ar\/?author=1"},"category_info":"<a href=\"https:\/\/tusnoticias.ar\/?cat=1\" rel=\"category\">Locales<\/a>","tag_info":"Locales","comment_count":"0","_links":{"self":[{"href":"https:\/\/tusnoticias.ar\/index.php?rest_route=\/wp\/v2\/posts\/2407","targetHints":{"allow":["GET"]}}],"collection":[{"href":"https:\/\/tusnoticias.ar\/index.php?rest_route=\/wp\/v2\/posts"}],"about":[{"href":"https:\/\/tusnoticias.ar\/index.php?rest_route=\/wp\/v2\/types\/post"}],"author":[{"embeddable":true,"href":"https:\/\/tusnoticias.ar\/index.php?rest_route=\/wp\/v2\/users\/1"}],"replies":[{"embeddable":true,"href":"https:\/\/tusnoticias.ar\/index.php?rest_route=%2Fwp%2Fv2%2Fcomments&post=2407"}],"version-history":[{"count":1,"href":"https:\/\/tusnoticias.ar\/index.php?rest_route=\/wp\/v2\/posts\/2407\/revisions"}],"predecessor-version":[{"id":2409,"href":"https:\/\/tusnoticias.ar\/index.php?rest_route=\/wp\/v2\/posts\/2407\/revisions\/2409"}],"wp:featuredmedia":[{"embeddable":true,"href":"https:\/\/tusnoticias.ar\/index.php?rest_route=\/wp\/v2\/media\/2408"}],"wp:attachment":[{"href":"https:\/\/tusnoticias.ar\/index.php?rest_route=%2Fwp%2Fv2%2Fmedia&parent=2407"}],"wp:term":[{"taxonomy":"category","embeddable":true,"href":"https:\/\/tusnoticias.ar\/index.php?rest_route=%2Fwp%2Fv2%2Fcategories&post=2407"},{"taxonomy":"post_tag","embeddable":true,"href":"https:\/\/tusnoticias.ar\/index.php?rest_route=%2Fwp%2Fv2%2Ftags&post=2407"}],"curies":[{"name":"wp","href":"https:\/\/api.w.org\/{rel}","templated":true}]}}