{"id":2213,"date":"2024-10-27T12:23:30","date_gmt":"2024-10-27T15:23:30","guid":{"rendered":"http:\/\/tusnoticias.ar\/?p=2213"},"modified":"2024-10-27T12:23:31","modified_gmt":"2024-10-27T15:23:31","slug":"estos-son-los-artistas-nacionales-que-subiran-al-escenario-mayor","status":"publish","type":"post","link":"https:\/\/tusnoticias.ar\/?p=2213","title":{"rendered":"Estos son los artistas nacionales que subir\u00e1n al escenario mayor"},"content":{"rendered":"\n<p>San Juan se prepara para vibrar con la Fiesta Nacional del Sol 2024, que tendr\u00e1 lugar del&nbsp;<strong>31 de octubre al 2 de noviembre en el Estadio San Juan del Bicentenario y el Vel\u00f3dromo Vicente Chancay<\/strong>. Durante tres noches los asistentes tendr\u00e1n una variada lista de artistas nacionales.<\/p>\n\n\n\n<p>El&nbsp;<strong>jueves 31 de octubre<\/strong>&nbsp;ser\u00e1 protagonista el cuarteto de la mano de&nbsp;<strong>La Barra<\/strong>&nbsp;y&nbsp;<strong>La Konga<\/strong>. Adem\u00e1s, la promesa de la m\u00fasica urbana,&nbsp;<strong>Luck Ra<\/strong>, sumar\u00e1 su estilo fresco y juvenil para completar la primera noche.<\/p>\n\n\n\n<p>El&nbsp;<strong>viernes 1 de noviembre<\/strong>, los sonidos del rock y el rap llenar\u00e1n el Estadio del Bicentenario.&nbsp;<strong>Airbag<\/strong>, la banda de rock nacional que sigue cosechando \u00e9xitos, subir\u00e1 al escenario; mientras que&nbsp;<strong>Trueno<\/strong>, uno de los m\u00e1ximos exponentes del trap argentino, pondr\u00e1 a vibrar al p\u00fablico con sus rimas.<\/p>\n\n\n\n<p>El&nbsp;<strong>s\u00e1bado 2 de noviembre<\/strong>&nbsp;cerrar\u00e1 esta espectacular fiesta con un broche de oro. La legendaria cumbia santafesina de&nbsp;<strong>Los Palmeras<\/strong>, seguidos por&nbsp;<strong>Abel Pintos<\/strong>. Finalmente,&nbsp;<strong>Luciano Pereyra<\/strong>&nbsp;llevar\u00e1 a cabo el cierre de tres jornadas con exponentes de primer nivel nacional.<\/p>\n\n\n\n<p>Con esta propuesta de artistas, la&nbsp;<a href=\"https:\/\/fiestanacionaldelsol.com\/\" target=\"_blank\" rel=\"noreferrer noopener\">Fiesta Nacional del Sol<\/a>&nbsp;se posiciona como uno de los eventos culturales y musicales m\u00e1s importantes del pa\u00eds. A medida que se acerca la fecha, crece la expectativa por este festival que re\u00fane lo mejor de la m\u00fasica popular argentina, en un espacio donde miles de sanjuaninos y visitantes disfrutar\u00e1n de tres noches inolvidables.<\/p>\n","protected":false},"excerpt":{"rendered":"<p>San Juan se prepara para vibrar con la Fiesta Nacional del Sol 2024, que tendr\u00e1&#8230;<\/p>\n","protected":false},"author":1,"featured_media":2214,"comment_status":"open","ping_status":"open","sticky":false,"template":"","format":"standard","meta":{"footnotes":""},"categories":[7,5],"tags":[],"class_list":["post-2213","post","type-post","status-publish","format-standard","has-post-thumbnail","hentry","category-nacionales","category-turismo"],"featured_image_urls":{"full":["https:\/\/tusnoticias.ar\/wp-content\/uploads\/2024\/10\/sanjuan.jpg",782,440,false],"thumbnail":["https:\/\/tusnoticias.ar\/wp-content\/uploads\/2024\/10\/sanjuan-150x150.jpg",150,150,true],"medium":["https:\/\/tusnoticias.ar\/wp-content\/uploads\/2024\/10\/sanjuan-300x169.jpg",300,169,true],"medium_large":["https:\/\/tusnoticias.ar\/wp-content\/uploads\/2024\/10\/sanjuan-768x432.jpg",640,360,true],"large":["https:\/\/tusnoticias.ar\/wp-content\/uploads\/2024\/10\/sanjuan.jpg",640,360,false],"1536x1536":["https:\/\/tusnoticias.ar\/wp-content\/uploads\/2024\/10\/sanjuan.jpg",782,440,false],"2048x2048":["https:\/\/tusnoticias.ar\/wp-content\/uploads\/2024\/10\/sanjuan.jpg",782,440,false],"newsium-slider-full":["https:\/\/tusnoticias.ar\/wp-content\/uploads\/2024\/10\/sanjuan.jpg",782,440,false],"newsium-featured":["https:\/\/tusnoticias.ar\/wp-content\/uploads\/2024\/10\/sanjuan.jpg",782,440,false],"newsium-medium":["https:\/\/tusnoticias.ar\/wp-content\/uploads\/2024\/10\/sanjuan-720x440.jpg",720,440,true]},"author_info":{"display_name":"pity","author_link":"https:\/\/tusnoticias.ar\/?author=1"},"category_info":"<a href=\"https:\/\/tusnoticias.ar\/?cat=7\" rel=\"category\">Nacionales<\/a> <a href=\"https:\/\/tusnoticias.ar\/?cat=5\" rel=\"category\">Turismo<\/a>","tag_info":"Turismo","comment_count":"0","_links":{"self":[{"href":"https:\/\/tusnoticias.ar\/index.php?rest_route=\/wp\/v2\/posts\/2213","targetHints":{"allow":["GET"]}}],"collection":[{"href":"https:\/\/tusnoticias.ar\/index.php?rest_route=\/wp\/v2\/posts"}],"about":[{"href":"https:\/\/tusnoticias.ar\/index.php?rest_route=\/wp\/v2\/types\/post"}],"author":[{"embeddable":true,"href":"https:\/\/tusnoticias.ar\/index.php?rest_route=\/wp\/v2\/users\/1"}],"replies":[{"embeddable":true,"href":"https:\/\/tusnoticias.ar\/index.php?rest_route=%2Fwp%2Fv2%2Fcomments&post=2213"}],"version-history":[{"count":1,"href":"https:\/\/tusnoticias.ar\/index.php?rest_route=\/wp\/v2\/posts\/2213\/revisions"}],"predecessor-version":[{"id":2215,"href":"https:\/\/tusnoticias.ar\/index.php?rest_route=\/wp\/v2\/posts\/2213\/revisions\/2215"}],"wp:featuredmedia":[{"embeddable":true,"href":"https:\/\/tusnoticias.ar\/index.php?rest_route=\/wp\/v2\/media\/2214"}],"wp:attachment":[{"href":"https:\/\/tusnoticias.ar\/index.php?rest_route=%2Fwp%2Fv2%2Fmedia&parent=2213"}],"wp:term":[{"taxonomy":"category","embeddable":true,"href":"https:\/\/tusnoticias.ar\/index.php?rest_route=%2Fwp%2Fv2%2Fcategories&post=2213"},{"taxonomy":"post_tag","embeddable":true,"href":"https:\/\/tusnoticias.ar\/index.php?rest_route=%2Fwp%2Fv2%2Ftags&post=2213"}],"curies":[{"name":"wp","href":"https:\/\/api.w.org\/{rel}","templated":true}]}}