{"id":2196,"date":"2024-10-12T21:00:43","date_gmt":"2024-10-13T00:00:43","guid":{"rendered":"http:\/\/tusnoticias.ar\/?p=2196"},"modified":"2024-10-12T21:00:43","modified_gmt":"2024-10-13T00:00:43","slug":"se-habilitaran-turnos-para-visitar-los-cementerios-por-el-dia-de-la-madre","status":"publish","type":"post","link":"https:\/\/tusnoticias.ar\/?p=2196","title":{"rendered":"Se habilitar\u00e1n turnos para visitar los cementerios por el D\u00eda de la Madre"},"content":{"rendered":"\n<p>Desde el lunes se deber\u00e1n solicitar, a trav\u00e9s del link: sistemas.ciudaddecorrientes.gov.ar\/turnos con fines organizativos y para garantizar la seguridad y el acompa\u00f1amiento a los vecinos que se acerquen a visitar a sus familiares fallecidos el s\u00e1bado 19 y domingo 20 de octubre. Del operativo en los dos camposantos municipales participar\u00e1n agentes de Defunciones, Tr\u00e1nsito, Guardia Urbana, Salud y Grandes Eventos.<br>La Municipalidad de Corrientes informa que en su p\u00e1gina web estar\u00e1n disponibles desde el lunes los turnos para visitar los cementerios San Juan Bautista, del barrio Virgen de los Dolores, y San Isidro Labrador de Laguna Brava, a ra\u00edz de conmemorarse el domingo 20 de octubre una fecha muy cara a los sentimientos de las familias, como lo es el D\u00eda de la Madre.<br>La disposici\u00f3n de solicitar turnos se realiza s\u00f3lo a fines organizativos para ordenar el ingreso y el registro de las personas que van a asistir el fin de semana a los cementerios capitalinos a ra\u00edz de la gran cantidad de vecinos que acostumbran a visitar a sus deudos en esta fecha tan especial.<br>Los turnos podr\u00e1n solicitarse al link: sistemas.ciudaddecorrientes.gov.ar\/turnos debiendo registrarse una sola persona por grupo familiar, completando con sus datos e indicando qui\u00e9nes lo van a acompa\u00f1ar, adem\u00e1s del lugar donde se encuentra el deudo a visitar, teniendo en cuenta cada cementerio.<br>No se prohibir\u00e1 el ingreso a los cementerios a ning\u00fan vecino, en los casos en que las personas que se acerquen y no hayan solicitado el turno correspondiente a trav\u00e9s de la p\u00e1gina web, personal de Defunciones les tomar\u00e1 los datos correspondientes a un referente del grupo familiar.<br>Adem\u00e1s, el fin de semana se desplegar\u00e1 un gran operativo, tanto en el cementerio San Juan Bautista como San Isidro Labrador para ordenar el ingreso y garantizar la seguridad de los concurrentes, del que participar\u00e1n agentes municipales de Defunciones, y el apoyo de personal de Tr\u00e1nsito, Guardia Urbana, Salud y Grandes Eventos.<br>Los cementerios estar\u00e1n abiertos el fin de semana en horario corrido de 7 a 19. En el San Juan Bautista estar\u00e1n habilitados los dos ingresos, mientras que en el San Isidro de Laguna Brava s\u00f3lo el acceso principal.<\/p>\n\n\n\n<p><strong>Misa<\/strong><br>El domingo, a las 11, est\u00e1 previsto celebrarse una misa en memoria de todas las madres difuntas en la capilla del cementerio San Juan Bautista.<br>En los accesos de ambos camposantos estar\u00e1 disponible arena, a efectos de evitar el uso de agua en los floreros en el marco de la campa\u00f1a contra el dengue.<\/p>\n","protected":false},"excerpt":{"rendered":"<p>Desde el lunes se deber\u00e1n solicitar, a trav\u00e9s del link: sistemas.ciudaddecorrientes.gov.ar\/turnos con fines organizativos y&#8230;<\/p>\n","protected":false},"author":1,"featured_media":2197,"comment_status":"open","ping_status":"open","sticky":false,"template":"","format":"standard","meta":{"footnotes":""},"categories":[1],"tags":[],"class_list":["post-2196","post","type-post","status-publish","format-standard","has-post-thumbnail","hentry","category-locales"],"featured_image_urls":{"full":["https:\/\/tusnoticias.ar\/wp-content\/uploads\/2024\/10\/cem.jpg",1280,853,false],"thumbnail":["https:\/\/tusnoticias.ar\/wp-content\/uploads\/2024\/10\/cem-150x150.jpg",150,150,true],"medium":["https:\/\/tusnoticias.ar\/wp-content\/uploads\/2024\/10\/cem-300x200.jpg",300,200,true],"medium_large":["https:\/\/tusnoticias.ar\/wp-content\/uploads\/2024\/10\/cem-768x512.jpg",640,427,true],"large":["https:\/\/tusnoticias.ar\/wp-content\/uploads\/2024\/10\/cem-1024x682.jpg",640,426,true],"1536x1536":["https:\/\/tusnoticias.ar\/wp-content\/uploads\/2024\/10\/cem.jpg",1280,853,false],"2048x2048":["https:\/\/tusnoticias.ar\/wp-content\/uploads\/2024\/10\/cem.jpg",1280,853,false],"newsium-slider-full":["https:\/\/tusnoticias.ar\/wp-content\/uploads\/2024\/10\/cem-1280x845.jpg",1280,845,true],"newsium-featured":["https:\/\/tusnoticias.ar\/wp-content\/uploads\/2024\/10\/cem-1024x682.jpg",1024,682,true],"newsium-medium":["https:\/\/tusnoticias.ar\/wp-content\/uploads\/2024\/10\/cem-720x475.jpg",720,475,true]},"author_info":{"display_name":"pity","author_link":"https:\/\/tusnoticias.ar\/?author=1"},"category_info":"<a href=\"https:\/\/tusnoticias.ar\/?cat=1\" rel=\"category\">Locales<\/a>","tag_info":"Locales","comment_count":"0","_links":{"self":[{"href":"https:\/\/tusnoticias.ar\/index.php?rest_route=\/wp\/v2\/posts\/2196","targetHints":{"allow":["GET"]}}],"collection":[{"href":"https:\/\/tusnoticias.ar\/index.php?rest_route=\/wp\/v2\/posts"}],"about":[{"href":"https:\/\/tusnoticias.ar\/index.php?rest_route=\/wp\/v2\/types\/post"}],"author":[{"embeddable":true,"href":"https:\/\/tusnoticias.ar\/index.php?rest_route=\/wp\/v2\/users\/1"}],"replies":[{"embeddable":true,"href":"https:\/\/tusnoticias.ar\/index.php?rest_route=%2Fwp%2Fv2%2Fcomments&post=2196"}],"version-history":[{"count":1,"href":"https:\/\/tusnoticias.ar\/index.php?rest_route=\/wp\/v2\/posts\/2196\/revisions"}],"predecessor-version":[{"id":2198,"href":"https:\/\/tusnoticias.ar\/index.php?rest_route=\/wp\/v2\/posts\/2196\/revisions\/2198"}],"wp:featuredmedia":[{"embeddable":true,"href":"https:\/\/tusnoticias.ar\/index.php?rest_route=\/wp\/v2\/media\/2197"}],"wp:attachment":[{"href":"https:\/\/tusnoticias.ar\/index.php?rest_route=%2Fwp%2Fv2%2Fmedia&parent=2196"}],"wp:term":[{"taxonomy":"category","embeddable":true,"href":"https:\/\/tusnoticias.ar\/index.php?rest_route=%2Fwp%2Fv2%2Fcategories&post=2196"},{"taxonomy":"post_tag","embeddable":true,"href":"https:\/\/tusnoticias.ar\/index.php?rest_route=%2Fwp%2Fv2%2Ftags&post=2196"}],"curies":[{"name":"wp","href":"https:\/\/api.w.org\/{rel}","templated":true}]}}