{"id":2019,"date":"2024-05-11T21:01:00","date_gmt":"2024-05-12T00:01:00","guid":{"rendered":"http:\/\/tusnoticias.ar\/?p=2019"},"modified":"2024-05-12T21:08:49","modified_gmt":"2024-05-13T00:08:49","slug":"valdes-solicito-a-nacion-intervencion-por-incidentes-ocurridos-en-la-zona-de-isla-apipe","status":"publish","type":"post","link":"https:\/\/tusnoticias.ar\/?p=2019","title":{"rendered":"Vald\u00e9s solicit\u00f3 a Naci\u00f3n intervenci\u00f3n por incidentes ocurridos en la zona de Isla Apip\u00e9"},"content":{"rendered":"\n<p>Ante nuevos incidentes ocurridos en aguas fronterizas en la zona de la Isla Apip\u00e9 con fuerzas Armadas de Paraguay, el gobernador a trav\u00e9s de sus redes sociales denunci\u00f3 el hecho y solicit\u00f3 a Naci\u00f3n garantizar la seguridad y protecci\u00f3n de los argentinos.<br>Este jueves el gobernador Gustavo Vald\u00e9s requiri\u00f3 a Naci\u00f3n a trav\u00e9s de la Cancilleria Argentina como tambi\u00e9n a la C\u00e1mara de Senadores que \u201cintervengan urgentemente para garantizar la seguridad y protecci\u00f3n de los tripulantes argentinos\u201d.<br>El pedido se desencaden\u00f3 tras registrarse un nuevo incidente en aguas fronterizas en la zona de la Isla Apip\u00e9 con Fuerzas Armadas de Paraguay.<br>Cabe recordar que en junio del a\u00f1o pasado aconteci\u00f3 un incidente en la zona de Punta \u00d1ar\u00f3, donde efectivos paraguayos abordaron a una embarcaci\u00f3n de pescadores argentinos, quienes fueron intimidades por los mismos militares, quienes portaban armas de fuego, por considerar que se encontraban en aguas paraguayas.<br>\u201cEn un hecho profundamente perjudicial para la soberan\u00eda de nuestro pa\u00eds\u00bb, hab\u00eda sostenido el mandatario provincial en m\u00faltiples oportunidades, buscando llegar a un acuerdo pac\u00edfico tras el altercado por la v\u00eda diplom\u00e1tica.<br>Tras dicho incidente a principio de a\u00f1o, Vald\u00e9s fue recibido en Buenos Aires por la ministra de Relaciones Exteriores de la Naci\u00f3n, Diana Mondino donde hab\u00eda trasladado a \u00e9sta sus inquietudes sobre el conflicto lim\u00edtrofe entre Argentina y Paraguay.<\/p>\n","protected":false},"excerpt":{"rendered":"<p>Ante nuevos incidentes ocurridos en aguas fronterizas en la zona de la Isla Apip\u00e9 con&#8230;<\/p>\n","protected":false},"author":1,"featured_media":2020,"comment_status":"open","ping_status":"open","sticky":false,"template":"","format":"standard","meta":{"footnotes":""},"categories":[7],"tags":[],"class_list":["post-2019","post","type-post","status-publish","format-standard","has-post-thumbnail","hentry","category-nacionales"],"featured_image_urls":{"full":["https:\/\/tusnoticias.ar\/wp-content\/uploads\/2024\/05\/00.jpg",1024,576,false],"thumbnail":["https:\/\/tusnoticias.ar\/wp-content\/uploads\/2024\/05\/00-150x150.jpg",150,150,true],"medium":["https:\/\/tusnoticias.ar\/wp-content\/uploads\/2024\/05\/00-300x169.jpg",300,169,true],"medium_large":["https:\/\/tusnoticias.ar\/wp-content\/uploads\/2024\/05\/00-768x432.jpg",640,360,true],"large":["https:\/\/tusnoticias.ar\/wp-content\/uploads\/2024\/05\/00.jpg",640,360,false],"1536x1536":["https:\/\/tusnoticias.ar\/wp-content\/uploads\/2024\/05\/00.jpg",1024,576,false],"2048x2048":["https:\/\/tusnoticias.ar\/wp-content\/uploads\/2024\/05\/00.jpg",1024,576,false],"newsium-slider-full":["https:\/\/tusnoticias.ar\/wp-content\/uploads\/2024\/05\/00.jpg",1024,576,false],"newsium-featured":["https:\/\/tusnoticias.ar\/wp-content\/uploads\/2024\/05\/00.jpg",1024,576,false],"newsium-medium":["https:\/\/tusnoticias.ar\/wp-content\/uploads\/2024\/05\/00-720x475.jpg",720,475,true]},"author_info":{"display_name":"pity","author_link":"https:\/\/tusnoticias.ar\/?author=1"},"category_info":"<a href=\"https:\/\/tusnoticias.ar\/?cat=7\" rel=\"category\">Nacionales<\/a>","tag_info":"Nacionales","comment_count":"0","_links":{"self":[{"href":"https:\/\/tusnoticias.ar\/index.php?rest_route=\/wp\/v2\/posts\/2019","targetHints":{"allow":["GET"]}}],"collection":[{"href":"https:\/\/tusnoticias.ar\/index.php?rest_route=\/wp\/v2\/posts"}],"about":[{"href":"https:\/\/tusnoticias.ar\/index.php?rest_route=\/wp\/v2\/types\/post"}],"author":[{"embeddable":true,"href":"https:\/\/tusnoticias.ar\/index.php?rest_route=\/wp\/v2\/users\/1"}],"replies":[{"embeddable":true,"href":"https:\/\/tusnoticias.ar\/index.php?rest_route=%2Fwp%2Fv2%2Fcomments&post=2019"}],"version-history":[{"count":1,"href":"https:\/\/tusnoticias.ar\/index.php?rest_route=\/wp\/v2\/posts\/2019\/revisions"}],"predecessor-version":[{"id":2021,"href":"https:\/\/tusnoticias.ar\/index.php?rest_route=\/wp\/v2\/posts\/2019\/revisions\/2021"}],"wp:featuredmedia":[{"embeddable":true,"href":"https:\/\/tusnoticias.ar\/index.php?rest_route=\/wp\/v2\/media\/2020"}],"wp:attachment":[{"href":"https:\/\/tusnoticias.ar\/index.php?rest_route=%2Fwp%2Fv2%2Fmedia&parent=2019"}],"wp:term":[{"taxonomy":"category","embeddable":true,"href":"https:\/\/tusnoticias.ar\/index.php?rest_route=%2Fwp%2Fv2%2Fcategories&post=2019"},{"taxonomy":"post_tag","embeddable":true,"href":"https:\/\/tusnoticias.ar\/index.php?rest_route=%2Fwp%2Fv2%2Ftags&post=2019"}],"curies":[{"name":"wp","href":"https:\/\/api.w.org\/{rel}","templated":true}]}}